{"id":58438,"date":"2025-03-10T18:15:59","date_gmt":"2025-03-11T00:15:59","guid":{"rendered":"https:\/\/politicosaldesnudo.com.mx\/?p=58438"},"modified":"2025-03-10T18:15:59","modified_gmt":"2025-03-11T00:15:59","slug":"participa-primaria-emiliano-zapata-en-el-lunes-civico","status":"publish","type":"post","link":"https:\/\/politicosaldesnudo.com.mx\/index.php\/2025\/03\/10\/participa-primaria-emiliano-zapata-en-el-lunes-civico\/","title":{"rendered":"Participa primaria Emiliano Zapata en el Lunes C\u00edvico"},"content":{"rendered":"<p>Tuxpan, Ver., 10 de marzo de 2025.- Para conmemorar el levantamiento de armas de Emiliano Zapata contra Porfirio D\u00edaz, ocurrido el 10 de marzo de 1911, el gobierno de Tuxpan llev\u00f3 a cabo el Lunes C\u00edvico en la plaza municipal.<br \/>\nParticiparon alumnas y alumnos de la escuela primaria Emiliano Zapata rindiendo honores a nuestro l\u00e1baro patrio, y dirigiendo el juramento a la bandera.<\/p>\n<p><img data-recalc-dims=\"1\" loading=\"lazy\" decoding=\"async\" class=\"aligncenter size-large wp-image-58445\" src=\"https:\/\/i0.wp.com\/politicosaldesnudo.com.mx\/wp-content\/uploads\/2025\/03\/WhatsApp-Image-2025-03-10-at-11.17.34-1024x576.jpeg?resize=800%2C450&#038;ssl=1\" alt=\"\" width=\"800\" height=\"450\" srcset=\"https:\/\/i0.wp.com\/politicosaldesnudo.com.mx\/wp-content\/uploads\/2025\/03\/WhatsApp-Image-2025-03-10-at-11.17.34.jpeg?resize=1024%2C576&amp;ssl=1 1024w, https:\/\/i0.wp.com\/politicosaldesnudo.com.mx\/wp-content\/uploads\/2025\/03\/WhatsApp-Image-2025-03-10-at-11.17.34.jpeg?resize=300%2C169&amp;ssl=1 300w, https:\/\/i0.wp.com\/politicosaldesnudo.com.mx\/wp-content\/uploads\/2025\/03\/WhatsApp-Image-2025-03-10-at-11.17.34.jpeg?resize=768%2C432&amp;ssl=1 768w, https:\/\/i0.wp.com\/politicosaldesnudo.com.mx\/wp-content\/uploads\/2025\/03\/WhatsApp-Image-2025-03-10-at-11.17.34.jpeg?resize=1536%2C864&amp;ssl=1 1536w, https:\/\/i0.wp.com\/politicosaldesnudo.com.mx\/wp-content\/uploads\/2025\/03\/WhatsApp-Image-2025-03-10-at-11.17.34.jpeg?w=1600&amp;ssl=1 1600w\" sizes=\"auto, (max-width: 800px) 100vw, 800px\" \/><\/p>\n<p>De la misma manera presentaron las efem\u00e9rides de esta semana y recitaron una poes\u00eda alusiva a Emiliano Zapata, defensor de la justicia, la libertad y la igualdad social.<\/p>\n<p><img data-recalc-dims=\"1\" loading=\"lazy\" decoding=\"async\" class=\"aligncenter size-large wp-image-58444\" src=\"https:\/\/i0.wp.com\/politicosaldesnudo.com.mx\/wp-content\/uploads\/2025\/03\/WhatsApp-Image-2025-03-10-at-11.17.34-1-1024x576.jpeg?resize=800%2C450&#038;ssl=1\" alt=\"\" width=\"800\" height=\"450\" srcset=\"https:\/\/i0.wp.com\/politicosaldesnudo.com.mx\/wp-content\/uploads\/2025\/03\/WhatsApp-Image-2025-03-10-at-11.17.34-1.jpeg?resize=1024%2C576&amp;ssl=1 1024w, https:\/\/i0.wp.com\/politicosaldesnudo.com.mx\/wp-content\/uploads\/2025\/03\/WhatsApp-Image-2025-03-10-at-11.17.34-1.jpeg?resize=300%2C169&amp;ssl=1 300w, https:\/\/i0.wp.com\/politicosaldesnudo.com.mx\/wp-content\/uploads\/2025\/03\/WhatsApp-Image-2025-03-10-at-11.17.34-1.jpeg?resize=768%2C432&amp;ssl=1 768w, https:\/\/i0.wp.com\/politicosaldesnudo.com.mx\/wp-content\/uploads\/2025\/03\/WhatsApp-Image-2025-03-10-at-11.17.34-1.jpeg?resize=1536%2C864&amp;ssl=1 1536w, https:\/\/i0.wp.com\/politicosaldesnudo.com.mx\/wp-content\/uploads\/2025\/03\/WhatsApp-Image-2025-03-10-at-11.17.34-1.jpeg?w=1600&amp;ssl=1 1600w\" sizes=\"auto, (max-width: 800px) 100vw, 800px\" \/><\/p>\n<p>En el acto estuvieron presentes el Prof. Jorge Arturo Garc\u00eda Robles, director de Educaci\u00f3n, en representaci\u00f3n del alcalde Jes\u00fas Fomperoza Torres; el regidor comisionado en Educaci\u00f3n, Prof. Luis Demetrio L\u00f3pez Mar\u00edn; Cap. Segundo de Sanidad Edgar Le\u00f3n Nicol\u00e1s \u00c1ngeles, de la 19\u00aa Zona Militar; Primer Maestre Contra Ezequiel Mart\u00ednez M\u00e9ndez, en representaci\u00f3n del Sector Naval.<\/p>\n<p><img data-recalc-dims=\"1\" loading=\"lazy\" decoding=\"async\" class=\"aligncenter size-large wp-image-58443\" src=\"https:\/\/i0.wp.com\/politicosaldesnudo.com.mx\/wp-content\/uploads\/2025\/03\/WhatsApp-Image-2025-03-10-at-11.17.33-1024x575.jpeg?resize=800%2C449&#038;ssl=1\" alt=\"\" width=\"800\" height=\"449\" srcset=\"https:\/\/i0.wp.com\/politicosaldesnudo.com.mx\/wp-content\/uploads\/2025\/03\/WhatsApp-Image-2025-03-10-at-11.17.33.jpeg?resize=1024%2C575&amp;ssl=1 1024w, https:\/\/i0.wp.com\/politicosaldesnudo.com.mx\/wp-content\/uploads\/2025\/03\/WhatsApp-Image-2025-03-10-at-11.17.33.jpeg?resize=300%2C169&amp;ssl=1 300w, https:\/\/i0.wp.com\/politicosaldesnudo.com.mx\/wp-content\/uploads\/2025\/03\/WhatsApp-Image-2025-03-10-at-11.17.33.jpeg?resize=768%2C432&amp;ssl=1 768w, https:\/\/i0.wp.com\/politicosaldesnudo.com.mx\/wp-content\/uploads\/2025\/03\/WhatsApp-Image-2025-03-10-at-11.17.33.jpeg?resize=1536%2C863&amp;ssl=1 1536w, https:\/\/i0.wp.com\/politicosaldesnudo.com.mx\/wp-content\/uploads\/2025\/03\/WhatsApp-Image-2025-03-10-at-11.17.33.jpeg?w=1600&amp;ssl=1 1600w\" sizes=\"auto, (max-width: 800px) 100vw, 800px\" \/><\/p>\n<p>El Lic. Gerardo Rodr\u00edguez Garc\u00eda, representando a la Delegaci\u00f3n Regional de la SEV; el Prof. Juan Gabriel Mendoza S\u00e1nchez, director de la escuela participante; el Lic. Bibiano Herrera G\u00f3mez, coordinador del IVEA en Tuxpan.<\/p>\n<p><img data-recalc-dims=\"1\" loading=\"lazy\" decoding=\"async\" class=\"aligncenter size-large wp-image-58442\" src=\"https:\/\/i0.wp.com\/politicosaldesnudo.com.mx\/wp-content\/uploads\/2025\/03\/WhatsApp-Image-2025-03-10-at-11.17.33-3-1024x639.jpeg?resize=800%2C499&#038;ssl=1\" alt=\"\" width=\"800\" height=\"499\" srcset=\"https:\/\/i0.wp.com\/politicosaldesnudo.com.mx\/wp-content\/uploads\/2025\/03\/WhatsApp-Image-2025-03-10-at-11.17.33-3.jpeg?resize=1024%2C639&amp;ssl=1 1024w, https:\/\/i0.wp.com\/politicosaldesnudo.com.mx\/wp-content\/uploads\/2025\/03\/WhatsApp-Image-2025-03-10-at-11.17.33-3.jpeg?resize=300%2C187&amp;ssl=1 300w, https:\/\/i0.wp.com\/politicosaldesnudo.com.mx\/wp-content\/uploads\/2025\/03\/WhatsApp-Image-2025-03-10-at-11.17.33-3.jpeg?resize=768%2C480&amp;ssl=1 768w, https:\/\/i0.wp.com\/politicosaldesnudo.com.mx\/wp-content\/uploads\/2025\/03\/WhatsApp-Image-2025-03-10-at-11.17.33-3.jpeg?resize=1536%2C959&amp;ssl=1 1536w, https:\/\/i0.wp.com\/politicosaldesnudo.com.mx\/wp-content\/uploads\/2025\/03\/WhatsApp-Image-2025-03-10-at-11.17.33-3.jpeg?w=1600&amp;ssl=1 1600w\" sizes=\"auto, (max-width: 800px) 100vw, 800px\" \/><\/p>\n<p>Asimismo, docentes, personal administrativo y padres de familia de la primaria Emiliano Zapata, y elementos de Polic\u00eda Municipal y del H. Cuerpo de Bomberos de Tuxpan.<\/p>\n<p><img data-recalc-dims=\"1\" loading=\"lazy\" decoding=\"async\" class=\"aligncenter size-large wp-image-58441\" src=\"https:\/\/i0.wp.com\/politicosaldesnudo.com.mx\/wp-content\/uploads\/2025\/03\/WhatsApp-Image-2025-03-10-at-11.17.33-2-1024x576.jpeg?resize=800%2C450&#038;ssl=1\" alt=\"\" width=\"800\" height=\"450\" srcset=\"https:\/\/i0.wp.com\/politicosaldesnudo.com.mx\/wp-content\/uploads\/2025\/03\/WhatsApp-Image-2025-03-10-at-11.17.33-2.jpeg?resize=1024%2C576&amp;ssl=1 1024w, https:\/\/i0.wp.com\/politicosaldesnudo.com.mx\/wp-content\/uploads\/2025\/03\/WhatsApp-Image-2025-03-10-at-11.17.33-2.jpeg?resize=300%2C169&amp;ssl=1 300w, https:\/\/i0.wp.com\/politicosaldesnudo.com.mx\/wp-content\/uploads\/2025\/03\/WhatsApp-Image-2025-03-10-at-11.17.33-2.jpeg?resize=768%2C432&amp;ssl=1 768w, https:\/\/i0.wp.com\/politicosaldesnudo.com.mx\/wp-content\/uploads\/2025\/03\/WhatsApp-Image-2025-03-10-at-11.17.33-2.jpeg?resize=1536%2C864&amp;ssl=1 1536w, https:\/\/i0.wp.com\/politicosaldesnudo.com.mx\/wp-content\/uploads\/2025\/03\/WhatsApp-Image-2025-03-10-at-11.17.33-2.jpeg?w=1600&amp;ssl=1 1600w\" sizes=\"auto, (max-width: 800px) 100vw, 800px\" \/> <img data-recalc-dims=\"1\" loading=\"lazy\" decoding=\"async\" class=\"aligncenter size-large wp-image-58440\" src=\"https:\/\/i0.wp.com\/politicosaldesnudo.com.mx\/wp-content\/uploads\/2025\/03\/WhatsApp-Image-2025-03-10-at-11.17.33-1-1024x576.jpeg?resize=800%2C450&#038;ssl=1\" alt=\"\" width=\"800\" height=\"450\" srcset=\"https:\/\/i0.wp.com\/politicosaldesnudo.com.mx\/wp-content\/uploads\/2025\/03\/WhatsApp-Image-2025-03-10-at-11.17.33-1.jpeg?resize=1024%2C576&amp;ssl=1 1024w, https:\/\/i0.wp.com\/politicosaldesnudo.com.mx\/wp-content\/uploads\/2025\/03\/WhatsApp-Image-2025-03-10-at-11.17.33-1.jpeg?resize=300%2C169&amp;ssl=1 300w, https:\/\/i0.wp.com\/politicosaldesnudo.com.mx\/wp-content\/uploads\/2025\/03\/WhatsApp-Image-2025-03-10-at-11.17.33-1.jpeg?resize=768%2C432&amp;ssl=1 768w, https:\/\/i0.wp.com\/politicosaldesnudo.com.mx\/wp-content\/uploads\/2025\/03\/WhatsApp-Image-2025-03-10-at-11.17.33-1.jpeg?resize=1536%2C864&amp;ssl=1 1536w, https:\/\/i0.wp.com\/politicosaldesnudo.com.mx\/wp-content\/uploads\/2025\/03\/WhatsApp-Image-2025-03-10-at-11.17.33-1.jpeg?w=1600&amp;ssl=1 1600w\" sizes=\"auto, (max-width: 800px) 100vw, 800px\" \/><\/p>\n","protected":false},"excerpt":{"rendered":"<p>Tuxpan, Ver., 10 de marzo de 2025.- Para conmemorar el levantamiento de armas de Emiliano Zapata contra Porfirio D\u00edaz, ocurrido<\/p>\n","protected":false},"author":4,"featured_media":58439,"comment_status":"closed","ping_status":"closed","sticky":false,"template":"","format":"standard","meta":{"colormag_page_container_layout":"default_layout","colormag_page_sidebar_layout":"default_layout","_jetpack_memberships_contains_paid_content":false,"footnotes":"","jetpack_publicize_message":"","jetpack_publicize_feature_enabled":true,"jetpack_social_post_already_shared":false,"jetpack_social_options":{"image_generator_settings":{"template":"highway","default_image_id":0,"font":"","enabled":false},"version":2}},"categories":[3205,1082],"tags":[],"class_list":["post-58438","post","type-post","status-publish","format-standard","has-post-thumbnail","hentry","category-gobierno-tuxpan","category-tuxpan"],"jetpack_publicize_connections":[],"jetpack_featured_media_url":"https:\/\/i0.wp.com\/politicosaldesnudo.com.mx\/wp-content\/uploads\/2025\/03\/WhatsApp-Image-2025-03-10-at-11.17.32.jpeg?fit=1600%2C900&ssl=1","jetpack-related-posts":[],"jetpack_sharing_enabled":true,"_links":{"self":[{"href":"https:\/\/politicosaldesnudo.com.mx\/index.php\/wp-json\/wp\/v2\/posts\/58438","targetHints":{"allow":["GET"]}}],"collection":[{"href":"https:\/\/politicosaldesnudo.com.mx\/index.php\/wp-json\/wp\/v2\/posts"}],"about":[{"href":"https:\/\/politicosaldesnudo.com.mx\/index.php\/wp-json\/wp\/v2\/types\/post"}],"author":[{"embeddable":true,"href":"https:\/\/politicosaldesnudo.com.mx\/index.php\/wp-json\/wp\/v2\/users\/4"}],"replies":[{"embeddable":true,"href":"https:\/\/politicosaldesnudo.com.mx\/index.php\/wp-json\/wp\/v2\/comments?post=58438"}],"version-history":[{"count":0,"href":"https:\/\/politicosaldesnudo.com.mx\/index.php\/wp-json\/wp\/v2\/posts\/58438\/revisions"}],"wp:featuredmedia":[{"embeddable":true,"href":"https:\/\/politicosaldesnudo.com.mx\/index.php\/wp-json\/wp\/v2\/media\/58439"}],"wp:attachment":[{"href":"https:\/\/politicosaldesnudo.com.mx\/index.php\/wp-json\/wp\/v2\/media?parent=58438"}],"wp:term":[{"taxonomy":"category","embeddable":true,"href":"https:\/\/politicosaldesnudo.com.mx\/index.php\/wp-json\/wp\/v2\/categories?post=58438"},{"taxonomy":"post_tag","embeddable":true,"href":"https:\/\/politicosaldesnudo.com.mx\/index.php\/wp-json\/wp\/v2\/tags?post=58438"}],"curies":[{"name":"wp","href":"https:\/\/api.w.org\/{rel}","templated":true}]}}