{"id":58494,"date":"2025-03-11T00:14:55","date_gmt":"2025-03-11T06:14:55","guid":{"rendered":"https:\/\/politicosaldesnudo.com.mx\/?p=58494"},"modified":"2025-03-10T22:04:14","modified_gmt":"2025-03-11T04:04:14","slug":"admite-rocha-moya-que-no-ha-logrado-frenar-la-violencia-en-sinaloa","status":"publish","type":"post","link":"https:\/\/politicosaldesnudo.com.mx\/index.php\/2025\/03\/11\/admite-rocha-moya-que-no-ha-logrado-frenar-la-violencia-en-sinaloa\/","title":{"rendered":"Admite Rocha Moya que no ha logrado frenar la violencia en Sinaloa"},"content":{"rendered":"<p class=\"nota-justify\">A seis meses de que inici\u00f3 la guerra entre dos grupos criminales en Sinaloa, la autocr\u00edtica fundamental hacia mi gobierno es que no se ha logrado frenar la inseguridad, se\u00f1al\u00f3 ayer el gobernador Rub\u00e9n Rocha Moya en su conferencia semanal.<\/p>\n<p class=\"nota-justify\">El mandatario dijo no saber cu\u00e1ndo terminar\u00e1 la ola de violencia que se vive en el estado pues en el momento que se cree la situaci\u00f3n mejora, y que el homicidio va a la baja, el domingo aparecen tres hombres emplayados en Tierra Blanca, municipio de Culiac\u00e1n. La forma en la que los dejaron son muestras que se deben investigar.<\/p>\n<p class=\"nota-justify\">Indic\u00f3 que en cada caso de homicidio doloso se investiga, el c\u00f3mo ocurri\u00f3, si se trat\u00f3 de una ri\u00f1a, un enfrentamiento, con el fin de implementar las estrategias de seguridad para combatir este delito.<\/p>\n<p class=\"nota-justify\">Explic\u00f3 que con los decomisos a la delincuencia organizada se est\u00e1 aportando de manera significativa al combate de la inseguridad, pero como no termina todav\u00eda el fen\u00f3meno de violencia no se puede decir que hay paz en Sinaloa.<\/p>\n<p class=\"nota-justify\">Rocha Moya indic\u00f3 que como gobierno lo que tienen que hacer es crear todos los d\u00edas nuevas estrategias para combatir la violencia.<\/p>\n","protected":false},"excerpt":{"rendered":"<p>A seis meses de que inici\u00f3 la guerra entre dos grupos criminales en Sinaloa, la autocr\u00edtica fundamental hacia mi gobierno<\/p>\n","protected":false},"author":4,"featured_media":58495,"comment_status":"closed","ping_status":"closed","sticky":false,"template":"","format":"standard","meta":{"colormag_page_container_layout":"default_layout","colormag_page_sidebar_layout":"default_layout","_jetpack_memberships_contains_paid_content":false,"footnotes":"","jetpack_publicize_message":"","jetpack_publicize_feature_enabled":true,"jetpack_social_post_already_shared":false,"jetpack_social_options":{"image_generator_settings":{"template":"highway","default_image_id":0,"font":"","enabled":false},"version":2}},"categories":[30],"tags":[],"class_list":["post-58494","post","type-post","status-publish","format-standard","has-post-thumbnail","hentry","category-estados"],"jetpack_publicize_connections":[],"jetpack_featured_media_url":"https:\/\/i0.wp.com\/politicosaldesnudo.com.mx\/wp-content\/uploads\/2025\/03\/54bbb71a-8ce2-43d8-b604-d51eed16e4ec.jpg?fit=1600%2C1066&ssl=1","jetpack-related-posts":[],"jetpack_sharing_enabled":true,"_links":{"self":[{"href":"https:\/\/politicosaldesnudo.com.mx\/index.php\/wp-json\/wp\/v2\/posts\/58494","targetHints":{"allow":["GET"]}}],"collection":[{"href":"https:\/\/politicosaldesnudo.com.mx\/index.php\/wp-json\/wp\/v2\/posts"}],"about":[{"href":"https:\/\/politicosaldesnudo.com.mx\/index.php\/wp-json\/wp\/v2\/types\/post"}],"author":[{"embeddable":true,"href":"https:\/\/politicosaldesnudo.com.mx\/index.php\/wp-json\/wp\/v2\/users\/4"}],"replies":[{"embeddable":true,"href":"https:\/\/politicosaldesnudo.com.mx\/index.php\/wp-json\/wp\/v2\/comments?post=58494"}],"version-history":[{"count":0,"href":"https:\/\/politicosaldesnudo.com.mx\/index.php\/wp-json\/wp\/v2\/posts\/58494\/revisions"}],"wp:featuredmedia":[{"embeddable":true,"href":"https:\/\/politicosaldesnudo.com.mx\/index.php\/wp-json\/wp\/v2\/media\/58495"}],"wp:attachment":[{"href":"https:\/\/politicosaldesnudo.com.mx\/index.php\/wp-json\/wp\/v2\/media?parent=58494"}],"wp:term":[{"taxonomy":"category","embeddable":true,"href":"https:\/\/politicosaldesnudo.com.mx\/index.php\/wp-json\/wp\/v2\/categories?post=58494"},{"taxonomy":"post_tag","embeddable":true,"href":"https:\/\/politicosaldesnudo.com.mx\/index.php\/wp-json\/wp\/v2\/tags?post=58494"}],"curies":[{"name":"wp","href":"https:\/\/api.w.org\/{rel}","templated":true}]}}