{"id":58497,"date":"2025-03-11T00:15:38","date_gmt":"2025-03-11T06:15:38","guid":{"rendered":"https:\/\/politicosaldesnudo.com.mx\/?p=58497"},"modified":"2025-03-10T22:07:52","modified_gmt":"2025-03-11T04:07:52","slug":"regresan-protestas-de-estudiantes-ante-el-tarifazo-de-transporte-en-nl","status":"publish","type":"post","link":"https:\/\/politicosaldesnudo.com.mx\/index.php\/2025\/03\/11\/regresan-protestas-de-estudiantes-ante-el-tarifazo-de-transporte-en-nl\/","title":{"rendered":"Regresan protestas de estudiantes ante el \u2018tarifazo\u2019 de transporte en NL"},"content":{"rendered":"<p class=\"nota-justify\">Luego de haber protestado en febrero, estudiantes e integrantes del colectivo \u00abLa Voz de los Usuarios\u00bb cerraron importantes avenidas del municipio de San Nicol\u00e1s en Nuevo Le\u00f3n por el aumento de las tarifas al transporte p\u00fablico.<\/p>\n<p class=\"nota-justify\">Adem\u00e1s de exigir bajar el costo del \u201ctarifazo\u201d, los manifestantes tambi\u00e9n se\u00f1alaron la falta de medidas contra la contaminaci\u00f3n en el estado, pidiendo una soluci\u00f3n.<\/p>\n<p class=\"nota-justify\">El pasado 3 de enero el Instituto de Movilidad de Nuevo Le\u00f3n, aprob\u00f3 un aumento en la tarifa del transporte p\u00fablico, elev\u00e1ndola de 15 a 17 pesos, ocasionando afectaciones en todos los sectores sociales.<\/p>\n<p class=\"nota-justify\">Respecto a la contaminaci\u00f3n, la semana pasada la Secretar\u00eda de Medio Ambiente de Nuevo Le\u00f3n emiti\u00f3 la primera alerta ambiental del a\u00f1o, derivado de los incendios ocasionados por la entrada del frente fr\u00edo 31, donde se registraron 239 incendios.<\/p>\n<p class=\"nota-justify\">Este fin de semana, se volvi\u00f3 a activar y no fue hasta el 8 de marzo que despu\u00e9s de 15 horas, Medio Ambiente de Nuevo Le\u00f3n levant\u00f3 la restricci\u00f3n.<\/p>\n<p class=\"nota-justify\">Este lunes, los estudiantes iniciaron su movilizaci\u00f3n en la Facultad de Ciencias Biol\u00f3gicas de la Universidad Aut\u00f3noma de Nuevo Le\u00f3n (UANL), ubicada en Ciudad Universitaria.<\/p>\n<p class=\"nota-justify\">Previamente, el colectivo hizo una primera manifestaci\u00f3n en las afueras de la Torre de Rector\u00eda; despu\u00e9s bloquearon la avenida Fidel Vel\u00e1zquez y continuaron hasta llegar a Nogalar, luego a M\u00fanch.<\/p>\n<p class=\"nota-justify\">En ese punto, llegaron hacia avenida Universidad, donde cerraron moment\u00e1neamente la vialidad, provocando una congesti\u00f3n de autom\u00f3viles debido a que esta zona conecta con otros municipios como Monterrey y Escobedo.<\/p>\n<p class=\"nota-justify\">Los manifestantes informaron que continuar\u00e1n con este tipo de movilizaciones si las autoridades no disminuyen el aumento en la tarifa del transporte y no toman acciones para mejorar la calidad del aire.<\/p>\n","protected":false},"excerpt":{"rendered":"<p>Luego de haber protestado en febrero, estudiantes e integrantes del colectivo \u00abLa Voz de los Usuarios\u00bb cerraron importantes avenidas del<\/p>\n","protected":false},"author":4,"featured_media":58498,"comment_status":"closed","ping_status":"closed","sticky":false,"template":"","format":"standard","meta":{"colormag_page_container_layout":"default_layout","colormag_page_sidebar_layout":"default_layout","_jetpack_memberships_contains_paid_content":false,"footnotes":"","jetpack_publicize_message":"","jetpack_publicize_feature_enabled":true,"jetpack_social_post_already_shared":false,"jetpack_social_options":{"image_generator_settings":{"template":"highway","default_image_id":0,"font":"","enabled":false},"version":2}},"categories":[30],"tags":[],"class_list":["post-58497","post","type-post","status-publish","format-standard","has-post-thumbnail","hentry","category-estados"],"jetpack_publicize_connections":[],"jetpack_featured_media_url":"https:\/\/i0.wp.com\/politicosaldesnudo.com.mx\/wp-content\/uploads\/2025\/03\/GR.jpg?fit=578%2C404&ssl=1","jetpack-related-posts":[],"jetpack_sharing_enabled":true,"_links":{"self":[{"href":"https:\/\/politicosaldesnudo.com.mx\/index.php\/wp-json\/wp\/v2\/posts\/58497","targetHints":{"allow":["GET"]}}],"collection":[{"href":"https:\/\/politicosaldesnudo.com.mx\/index.php\/wp-json\/wp\/v2\/posts"}],"about":[{"href":"https:\/\/politicosaldesnudo.com.mx\/index.php\/wp-json\/wp\/v2\/types\/post"}],"author":[{"embeddable":true,"href":"https:\/\/politicosaldesnudo.com.mx\/index.php\/wp-json\/wp\/v2\/users\/4"}],"replies":[{"embeddable":true,"href":"https:\/\/politicosaldesnudo.com.mx\/index.php\/wp-json\/wp\/v2\/comments?post=58497"}],"version-history":[{"count":0,"href":"https:\/\/politicosaldesnudo.com.mx\/index.php\/wp-json\/wp\/v2\/posts\/58497\/revisions"}],"wp:featuredmedia":[{"embeddable":true,"href":"https:\/\/politicosaldesnudo.com.mx\/index.php\/wp-json\/wp\/v2\/media\/58498"}],"wp:attachment":[{"href":"https:\/\/politicosaldesnudo.com.mx\/index.php\/wp-json\/wp\/v2\/media?parent=58497"}],"wp:term":[{"taxonomy":"category","embeddable":true,"href":"https:\/\/politicosaldesnudo.com.mx\/index.php\/wp-json\/wp\/v2\/categories?post=58497"},{"taxonomy":"post_tag","embeddable":true,"href":"https:\/\/politicosaldesnudo.com.mx\/index.php\/wp-json\/wp\/v2\/tags?post=58497"}],"curies":[{"name":"wp","href":"https:\/\/api.w.org\/{rel}","templated":true}]}}