{"id":58619,"date":"2025-03-12T20:37:29","date_gmt":"2025-03-13T02:37:29","guid":{"rendered":"https:\/\/politicosaldesnudo.com.mx\/?p=58619"},"modified":"2025-03-12T20:37:29","modified_gmt":"2025-03-13T02:37:29","slug":"se-realizo-en-ojite-rancho-nuevo-la-quinta-jornada-de-salud-multidisciplinaria-en-tu-comunidad","status":"publish","type":"post","link":"https:\/\/politicosaldesnudo.com.mx\/index.php\/2025\/03\/12\/se-realizo-en-ojite-rancho-nuevo-la-quinta-jornada-de-salud-multidisciplinaria-en-tu-comunidad\/","title":{"rendered":"Se realiz\u00f3 en Ojite Rancho Nuevo, la quinta Jornada de Salud Multidisciplinaria en tu Comunidad"},"content":{"rendered":"<p>Tuxpan, Ver., 12 de marzo de 2025.- Este d\u00eda se llev\u00f3 a cabo la quinta Jornada de Salud Multidisciplinaria en tu Comunidad, en la localidad Ojite Rancho Nuevo, la cual permiti\u00f3 beneficiar a much\u00edsimas familias de esta zona.<\/p>\n<p><img data-recalc-dims=\"1\" loading=\"lazy\" decoding=\"async\" class=\"aligncenter size-large wp-image-58629\" src=\"https:\/\/i0.wp.com\/politicosaldesnudo.com.mx\/wp-content\/uploads\/2025\/03\/WhatsApp-Image-2025-03-12-at-17.59.59-1024x630.jpeg?resize=800%2C492&#038;ssl=1\" alt=\"\" width=\"800\" height=\"492\" srcset=\"https:\/\/i0.wp.com\/politicosaldesnudo.com.mx\/wp-content\/uploads\/2025\/03\/WhatsApp-Image-2025-03-12-at-17.59.59.jpeg?resize=1024%2C630&amp;ssl=1 1024w, https:\/\/i0.wp.com\/politicosaldesnudo.com.mx\/wp-content\/uploads\/2025\/03\/WhatsApp-Image-2025-03-12-at-17.59.59.jpeg?resize=300%2C185&amp;ssl=1 300w, https:\/\/i0.wp.com\/politicosaldesnudo.com.mx\/wp-content\/uploads\/2025\/03\/WhatsApp-Image-2025-03-12-at-17.59.59.jpeg?resize=768%2C473&amp;ssl=1 768w, https:\/\/i0.wp.com\/politicosaldesnudo.com.mx\/wp-content\/uploads\/2025\/03\/WhatsApp-Image-2025-03-12-at-17.59.59.jpeg?w=1280&amp;ssl=1 1280w\" sizes=\"auto, (max-width: 800px) 100vw, 800px\" \/><\/p>\n<p>La presidenta del DIF Tuxpan, Melba L\u00f3pez Guti\u00e9rrez, destac\u00f3 en su mensaje que esta jornada involucra a profesionales de diferentes disciplinas para promover la salud y prevenir enfermedades, as\u00ed como la realizaci\u00f3n de tareas de labor social.<\/p>\n<p><img data-recalc-dims=\"1\" loading=\"lazy\" decoding=\"async\" class=\"aligncenter size-large wp-image-58628\" src=\"https:\/\/i0.wp.com\/politicosaldesnudo.com.mx\/wp-content\/uploads\/2025\/03\/WhatsApp-Image-2025-03-12-at-17.59.58-1024x681.jpeg?resize=800%2C532&#038;ssl=1\" alt=\"\" width=\"800\" height=\"532\" srcset=\"https:\/\/i0.wp.com\/politicosaldesnudo.com.mx\/wp-content\/uploads\/2025\/03\/WhatsApp-Image-2025-03-12-at-17.59.58.jpeg?resize=1024%2C681&amp;ssl=1 1024w, https:\/\/i0.wp.com\/politicosaldesnudo.com.mx\/wp-content\/uploads\/2025\/03\/WhatsApp-Image-2025-03-12-at-17.59.58.jpeg?resize=300%2C200&amp;ssl=1 300w, https:\/\/i0.wp.com\/politicosaldesnudo.com.mx\/wp-content\/uploads\/2025\/03\/WhatsApp-Image-2025-03-12-at-17.59.58.jpeg?resize=768%2C511&amp;ssl=1 768w, https:\/\/i0.wp.com\/politicosaldesnudo.com.mx\/wp-content\/uploads\/2025\/03\/WhatsApp-Image-2025-03-12-at-17.59.58.jpeg?resize=1536%2C1021&amp;ssl=1 1536w, https:\/\/i0.wp.com\/politicosaldesnudo.com.mx\/wp-content\/uploads\/2025\/03\/WhatsApp-Image-2025-03-12-at-17.59.58.jpeg?w=1600&amp;ssl=1 1600w\" sizes=\"auto, (max-width: 800px) 100vw, 800px\" \/><\/p>\n<p>Agradeci\u00f3 el apoyo del Ej\u00e9rcito Mexicano (Defensa), Guardia Nacional, ISSSTE, Jurisdicci\u00f3n Sanitaria N\u00b0 2 y Comisi\u00f3n de Agua del Estado de Veracruz, para otorgar juntos una atenci\u00f3n oportuna y preventiva.<\/p>\n<p><img data-recalc-dims=\"1\" loading=\"lazy\" decoding=\"async\" class=\"aligncenter size-large wp-image-58627\" src=\"https:\/\/i0.wp.com\/politicosaldesnudo.com.mx\/wp-content\/uploads\/2025\/03\/WhatsApp-Image-2025-03-12-at-17.59.58-1-1024x768.jpeg?resize=800%2C600&#038;ssl=1\" alt=\"\" width=\"800\" height=\"600\" srcset=\"https:\/\/i0.wp.com\/politicosaldesnudo.com.mx\/wp-content\/uploads\/2025\/03\/WhatsApp-Image-2025-03-12-at-17.59.58-1.jpeg?resize=1024%2C768&amp;ssl=1 1024w, https:\/\/i0.wp.com\/politicosaldesnudo.com.mx\/wp-content\/uploads\/2025\/03\/WhatsApp-Image-2025-03-12-at-17.59.58-1.jpeg?resize=300%2C225&amp;ssl=1 300w, https:\/\/i0.wp.com\/politicosaldesnudo.com.mx\/wp-content\/uploads\/2025\/03\/WhatsApp-Image-2025-03-12-at-17.59.58-1.jpeg?resize=768%2C576&amp;ssl=1 768w, https:\/\/i0.wp.com\/politicosaldesnudo.com.mx\/wp-content\/uploads\/2025\/03\/WhatsApp-Image-2025-03-12-at-17.59.58-1.jpeg?w=1280&amp;ssl=1 1280w\" sizes=\"auto, (max-width: 800px) 100vw, 800px\" \/><\/p>\n<p>La presidenta del DIF expuso que esta estrategia busca promover la participaci\u00f3n de las familias de las comunidades, para que tengan una atenci\u00f3n b\u00e1sica en materia de salud y bienestar.<\/p>\n<p><img data-recalc-dims=\"1\" loading=\"lazy\" decoding=\"async\" class=\"aligncenter size-large wp-image-58626\" src=\"https:\/\/i0.wp.com\/politicosaldesnudo.com.mx\/wp-content\/uploads\/2025\/03\/WhatsApp-Image-2025-03-12-at-17.59.57-1024x681.jpeg?resize=800%2C532&#038;ssl=1\" alt=\"\" width=\"800\" height=\"532\" srcset=\"https:\/\/i0.wp.com\/politicosaldesnudo.com.mx\/wp-content\/uploads\/2025\/03\/WhatsApp-Image-2025-03-12-at-17.59.57.jpeg?resize=1024%2C681&amp;ssl=1 1024w, https:\/\/i0.wp.com\/politicosaldesnudo.com.mx\/wp-content\/uploads\/2025\/03\/WhatsApp-Image-2025-03-12-at-17.59.57.jpeg?resize=300%2C200&amp;ssl=1 300w, https:\/\/i0.wp.com\/politicosaldesnudo.com.mx\/wp-content\/uploads\/2025\/03\/WhatsApp-Image-2025-03-12-at-17.59.57.jpeg?resize=768%2C511&amp;ssl=1 768w, https:\/\/i0.wp.com\/politicosaldesnudo.com.mx\/wp-content\/uploads\/2025\/03\/WhatsApp-Image-2025-03-12-at-17.59.57.jpeg?resize=1536%2C1021&amp;ssl=1 1536w, https:\/\/i0.wp.com\/politicosaldesnudo.com.mx\/wp-content\/uploads\/2025\/03\/WhatsApp-Image-2025-03-12-at-17.59.57.jpeg?w=1600&amp;ssl=1 1600w\" sizes=\"auto, (max-width: 800px) 100vw, 800px\" \/><\/p>\n<p>Por su parte, el alcalde Dr. Jes\u00fas Fomperoza Torres destac\u00f3 la coordinaci\u00f3n de dependencias de los 3 niveles de gobierno para llevar servicios integrales de salud a la poblaci\u00f3n del medio rural.<\/p>\n<p><img data-recalc-dims=\"1\" loading=\"lazy\" decoding=\"async\" class=\"aligncenter size-large wp-image-58625\" src=\"https:\/\/i0.wp.com\/politicosaldesnudo.com.mx\/wp-content\/uploads\/2025\/03\/WhatsApp-Image-2025-03-12-at-17.59.56-1024x681.jpeg?resize=800%2C532&#038;ssl=1\" alt=\"\" width=\"800\" height=\"532\" srcset=\"https:\/\/i0.wp.com\/politicosaldesnudo.com.mx\/wp-content\/uploads\/2025\/03\/WhatsApp-Image-2025-03-12-at-17.59.56.jpeg?resize=1024%2C681&amp;ssl=1 1024w, https:\/\/i0.wp.com\/politicosaldesnudo.com.mx\/wp-content\/uploads\/2025\/03\/WhatsApp-Image-2025-03-12-at-17.59.56.jpeg?resize=300%2C200&amp;ssl=1 300w, https:\/\/i0.wp.com\/politicosaldesnudo.com.mx\/wp-content\/uploads\/2025\/03\/WhatsApp-Image-2025-03-12-at-17.59.56.jpeg?resize=768%2C511&amp;ssl=1 768w, https:\/\/i0.wp.com\/politicosaldesnudo.com.mx\/wp-content\/uploads\/2025\/03\/WhatsApp-Image-2025-03-12-at-17.59.56.jpeg?resize=1536%2C1021&amp;ssl=1 1536w, https:\/\/i0.wp.com\/politicosaldesnudo.com.mx\/wp-content\/uploads\/2025\/03\/WhatsApp-Image-2025-03-12-at-17.59.56.jpeg?w=1600&amp;ssl=1 1600w\" sizes=\"auto, (max-width: 800px) 100vw, 800px\" \/><\/p>\n<p>El agente municipal de Ojite, Gabriel del \u00c1ngel P\u00e9rez, dio la bienvenida a las autoridades civiles y militares, y agradeci\u00f3 todos los servicios que se llevaron a su comunidad.<\/p>\n<p><img data-recalc-dims=\"1\" loading=\"lazy\" decoding=\"async\" class=\"aligncenter size-large wp-image-58624\" src=\"https:\/\/i0.wp.com\/politicosaldesnudo.com.mx\/wp-content\/uploads\/2025\/03\/WhatsApp-Image-2025-03-12-at-17.59.55-1024x576.jpeg?resize=800%2C450&#038;ssl=1\" alt=\"\" width=\"800\" height=\"450\" srcset=\"https:\/\/i0.wp.com\/politicosaldesnudo.com.mx\/wp-content\/uploads\/2025\/03\/WhatsApp-Image-2025-03-12-at-17.59.55.jpeg?resize=1024%2C576&amp;ssl=1 1024w, https:\/\/i0.wp.com\/politicosaldesnudo.com.mx\/wp-content\/uploads\/2025\/03\/WhatsApp-Image-2025-03-12-at-17.59.55.jpeg?resize=300%2C169&amp;ssl=1 300w, https:\/\/i0.wp.com\/politicosaldesnudo.com.mx\/wp-content\/uploads\/2025\/03\/WhatsApp-Image-2025-03-12-at-17.59.55.jpeg?resize=768%2C432&amp;ssl=1 768w, https:\/\/i0.wp.com\/politicosaldesnudo.com.mx\/wp-content\/uploads\/2025\/03\/WhatsApp-Image-2025-03-12-at-17.59.55.jpeg?w=1280&amp;ssl=1 1280w\" sizes=\"auto, (max-width: 800px) 100vw, 800px\" \/><\/p>\n<p>Posteriormente el alcalde y la presidenta del DIF hicieron entrega de aparatos funcionales a personal vulnerables.<\/p>\n<p><img data-recalc-dims=\"1\" loading=\"lazy\" decoding=\"async\" class=\"aligncenter size-large wp-image-58623\" src=\"https:\/\/i0.wp.com\/politicosaldesnudo.com.mx\/wp-content\/uploads\/2025\/03\/WhatsApp-Image-2025-03-12-at-17.59.55-2-1024x587.jpeg?resize=800%2C459&#038;ssl=1\" alt=\"\" width=\"800\" height=\"459\" srcset=\"https:\/\/i0.wp.com\/politicosaldesnudo.com.mx\/wp-content\/uploads\/2025\/03\/WhatsApp-Image-2025-03-12-at-17.59.55-2.jpeg?resize=1024%2C587&amp;ssl=1 1024w, https:\/\/i0.wp.com\/politicosaldesnudo.com.mx\/wp-content\/uploads\/2025\/03\/WhatsApp-Image-2025-03-12-at-17.59.55-2.jpeg?resize=300%2C172&amp;ssl=1 300w, https:\/\/i0.wp.com\/politicosaldesnudo.com.mx\/wp-content\/uploads\/2025\/03\/WhatsApp-Image-2025-03-12-at-17.59.55-2.jpeg?resize=768%2C440&amp;ssl=1 768w, https:\/\/i0.wp.com\/politicosaldesnudo.com.mx\/wp-content\/uploads\/2025\/03\/WhatsApp-Image-2025-03-12-at-17.59.55-2.jpeg?w=1280&amp;ssl=1 1280w\" sizes=\"auto, (max-width: 800px) 100vw, 800px\" \/><\/p>\n<p>Adem\u00e1s, el presidente municipal, las regidoras y los regidores Maryanela Monroy Flores, Amado Guti\u00e9rrez Lima, Juan G\u00f3mez Garc\u00eda, Luis Demetrio L\u00f3pez Mar\u00edn y Axel Bernal Herrera entregaron cubetas de pintura a agentes municipales de varias comunidades.<\/p>\n<p><img data-recalc-dims=\"1\" loading=\"lazy\" decoding=\"async\" class=\"aligncenter size-large wp-image-58622\" src=\"https:\/\/i0.wp.com\/politicosaldesnudo.com.mx\/wp-content\/uploads\/2025\/03\/WhatsApp-Image-2025-03-12-at-17.59.55-1-1024x545.jpeg?resize=800%2C426&#038;ssl=1\" alt=\"\" width=\"800\" height=\"426\" srcset=\"https:\/\/i0.wp.com\/politicosaldesnudo.com.mx\/wp-content\/uploads\/2025\/03\/WhatsApp-Image-2025-03-12-at-17.59.55-1.jpeg?resize=1024%2C545&amp;ssl=1 1024w, https:\/\/i0.wp.com\/politicosaldesnudo.com.mx\/wp-content\/uploads\/2025\/03\/WhatsApp-Image-2025-03-12-at-17.59.55-1.jpeg?resize=300%2C160&amp;ssl=1 300w, https:\/\/i0.wp.com\/politicosaldesnudo.com.mx\/wp-content\/uploads\/2025\/03\/WhatsApp-Image-2025-03-12-at-17.59.55-1.jpeg?resize=768%2C409&amp;ssl=1 768w, https:\/\/i0.wp.com\/politicosaldesnudo.com.mx\/wp-content\/uploads\/2025\/03\/WhatsApp-Image-2025-03-12-at-17.59.55-1.jpeg?w=1280&amp;ssl=1 1280w\" sizes=\"auto, (max-width: 800px) 100vw, 800px\" \/><\/p>\n<p>Acompa\u00f1\u00f3 a las autoridades municipales el Teniente Coronel de Infanter\u00eda Israel Pacheco L\u00f3pez, en representaci\u00f3n del General de Brigada Jorge Antonio Maldonado Guevara, comandante de la 19\u00aa Zona Militar.<\/p>\n<p><img data-recalc-dims=\"1\" loading=\"lazy\" decoding=\"async\" class=\"aligncenter size-large wp-image-58620\" src=\"https:\/\/i0.wp.com\/politicosaldesnudo.com.mx\/wp-content\/uploads\/2025\/03\/WhatsApp-Image-2025-03-12-at-17.59.54-1-1024x664.jpeg?resize=800%2C519&#038;ssl=1\" alt=\"\" width=\"800\" height=\"519\" srcset=\"https:\/\/i0.wp.com\/politicosaldesnudo.com.mx\/wp-content\/uploads\/2025\/03\/WhatsApp-Image-2025-03-12-at-17.59.54-1.jpeg?resize=1024%2C664&amp;ssl=1 1024w, https:\/\/i0.wp.com\/politicosaldesnudo.com.mx\/wp-content\/uploads\/2025\/03\/WhatsApp-Image-2025-03-12-at-17.59.54-1.jpeg?resize=300%2C195&amp;ssl=1 300w, https:\/\/i0.wp.com\/politicosaldesnudo.com.mx\/wp-content\/uploads\/2025\/03\/WhatsApp-Image-2025-03-12-at-17.59.54-1.jpeg?resize=768%2C498&amp;ssl=1 768w, https:\/\/i0.wp.com\/politicosaldesnudo.com.mx\/wp-content\/uploads\/2025\/03\/WhatsApp-Image-2025-03-12-at-17.59.54-1.jpeg?w=1280&amp;ssl=1 1280w\" sizes=\"auto, (max-width: 800px) 100vw, 800px\" \/><\/p>\n<p>Como parte de esta misma jornada se hizo labor social en centros educativos y reforestaci\u00f3n de \u00e1reas verdes.<\/p>\n","protected":false},"excerpt":{"rendered":"<p>Tuxpan, Ver., 12 de marzo de 2025.- Este d\u00eda se llev\u00f3 a cabo la quinta Jornada de Salud Multidisciplinaria en<\/p>\n","protected":false},"author":4,"featured_media":58621,"comment_status":"closed","ping_status":"closed","sticky":false,"template":"","format":"standard","meta":{"colormag_page_container_layout":"default_layout","colormag_page_sidebar_layout":"default_layout","_jetpack_memberships_contains_paid_content":false,"footnotes":"","jetpack_publicize_message":"","jetpack_publicize_feature_enabled":true,"jetpack_social_post_already_shared":false,"jetpack_social_options":{"image_generator_settings":{"template":"highway","default_image_id":0,"font":"","enabled":false},"version":2}},"categories":[3205,1082],"tags":[],"class_list":["post-58619","post","type-post","status-publish","format-standard","has-post-thumbnail","hentry","category-gobierno-tuxpan","category-tuxpan"],"jetpack_publicize_connections":[],"jetpack_featured_media_url":"https:\/\/i0.wp.com\/politicosaldesnudo.com.mx\/wp-content\/uploads\/2025\/03\/WhatsApp-Image-2025-03-12-at-17.59.54.jpeg?fit=1280%2C720&ssl=1","jetpack-related-posts":[],"jetpack_sharing_enabled":true,"_links":{"self":[{"href":"https:\/\/politicosaldesnudo.com.mx\/index.php\/wp-json\/wp\/v2\/posts\/58619","targetHints":{"allow":["GET"]}}],"collection":[{"href":"https:\/\/politicosaldesnudo.com.mx\/index.php\/wp-json\/wp\/v2\/posts"}],"about":[{"href":"https:\/\/politicosaldesnudo.com.mx\/index.php\/wp-json\/wp\/v2\/types\/post"}],"author":[{"embeddable":true,"href":"https:\/\/politicosaldesnudo.com.mx\/index.php\/wp-json\/wp\/v2\/users\/4"}],"replies":[{"embeddable":true,"href":"https:\/\/politicosaldesnudo.com.mx\/index.php\/wp-json\/wp\/v2\/comments?post=58619"}],"version-history":[{"count":0,"href":"https:\/\/politicosaldesnudo.com.mx\/index.php\/wp-json\/wp\/v2\/posts\/58619\/revisions"}],"wp:featuredmedia":[{"embeddable":true,"href":"https:\/\/politicosaldesnudo.com.mx\/index.php\/wp-json\/wp\/v2\/media\/58621"}],"wp:attachment":[{"href":"https:\/\/politicosaldesnudo.com.mx\/index.php\/wp-json\/wp\/v2\/media?parent=58619"}],"wp:term":[{"taxonomy":"category","embeddable":true,"href":"https:\/\/politicosaldesnudo.com.mx\/index.php\/wp-json\/wp\/v2\/categories?post=58619"},{"taxonomy":"post_tag","embeddable":true,"href":"https:\/\/politicosaldesnudo.com.mx\/index.php\/wp-json\/wp\/v2\/tags?post=58619"}],"curies":[{"name":"wp","href":"https:\/\/api.w.org\/{rel}","templated":true}]}}