{"id":58634,"date":"2025-03-13T00:02:50","date_gmt":"2025-03-13T06:02:50","guid":{"rendered":"https:\/\/politicosaldesnudo.com.mx\/?p=58634"},"modified":"2025-03-12T20:51:45","modified_gmt":"2025-03-13T02:51:45","slug":"esperan-gran-respuesta-para-reyes-del-carnaval","status":"publish","type":"post","link":"https:\/\/politicosaldesnudo.com.mx\/index.php\/2025\/03\/13\/esperan-gran-respuesta-para-reyes-del-carnaval\/","title":{"rendered":"Esperan gran respuesta para reyes del Carnaval"},"content":{"rendered":"<p>Dio inicio el registro de aspirantes para las diversas categor\u00edas que integrar\u00e1n el Carnaval Tuxpan 2025, en la Direcci\u00f3n de Turismo Municipal, quienes est\u00e1n preparados y en espera de las inscripciones.<\/p>\n<p>Desde tempranas horas, la dependencia municipal se ha preparado para recibir a los interesados, quienes podr\u00e1n inscribirse en las diferentes categor\u00edas disponibles, con los horarios que manejan de 9:00 de la ma\u00f1ana a las 4:00 de la tarde, de lunes a viernes, y ya han tenido una respuesta positiva de personas que estar\u00e1n participando tanto en carros aleg\u00f3ricos, corte real, comparsas, entre otros.<\/p>\n<p>El Carnaval de Tuxpan es una de las festividades m\u00e1s importantes de la regi\u00f3n, y a\u00f1o con a\u00f1o atrae a miles de visitantes, para la edici\u00f3n 2025, se espera un evento lleno de color, m\u00fasica y diversi\u00f3n, con la participaci\u00f3n de comparsas, carros aleg\u00f3ricos y la elecci\u00f3n de los reyes y reinas del carnaval.<\/p>\n<p>Las inscripciones permanecer\u00e1n abiertas durante las pr\u00f3ximas semanas, por lo que se invita a todos los interesados a acudir a la Direcci\u00f3n de Turismo Municipal para asegurar su participaci\u00f3n en esta gran fiesta.<\/p>\n","protected":false},"excerpt":{"rendered":"<p>Dio inicio el registro de aspirantes para las diversas categor\u00edas que integrar\u00e1n el Carnaval Tuxpan 2025, en la Direcci\u00f3n de<\/p>\n","protected":false},"author":4,"featured_media":58635,"comment_status":"closed","ping_status":"closed","sticky":false,"template":"","format":"standard","meta":{"colormag_page_container_layout":"default_layout","colormag_page_sidebar_layout":"default_layout","_jetpack_memberships_contains_paid_content":false,"footnotes":"","jetpack_publicize_message":"","jetpack_publicize_feature_enabled":true,"jetpack_social_post_already_shared":false,"jetpack_social_options":{"image_generator_settings":{"template":"highway","default_image_id":0,"font":"","enabled":false},"version":2}},"categories":[1082],"tags":[],"class_list":["post-58634","post","type-post","status-publish","format-standard","has-post-thumbnail","hentry","category-tuxpan"],"jetpack_publicize_connections":[],"jetpack_featured_media_url":"https:\/\/i0.wp.com\/politicosaldesnudo.com.mx\/wp-content\/uploads\/2025\/03\/3c1-1.jpg?fit=1600%2C726&ssl=1","jetpack-related-posts":[],"jetpack_sharing_enabled":true,"_links":{"self":[{"href":"https:\/\/politicosaldesnudo.com.mx\/index.php\/wp-json\/wp\/v2\/posts\/58634","targetHints":{"allow":["GET"]}}],"collection":[{"href":"https:\/\/politicosaldesnudo.com.mx\/index.php\/wp-json\/wp\/v2\/posts"}],"about":[{"href":"https:\/\/politicosaldesnudo.com.mx\/index.php\/wp-json\/wp\/v2\/types\/post"}],"author":[{"embeddable":true,"href":"https:\/\/politicosaldesnudo.com.mx\/index.php\/wp-json\/wp\/v2\/users\/4"}],"replies":[{"embeddable":true,"href":"https:\/\/politicosaldesnudo.com.mx\/index.php\/wp-json\/wp\/v2\/comments?post=58634"}],"version-history":[{"count":0,"href":"https:\/\/politicosaldesnudo.com.mx\/index.php\/wp-json\/wp\/v2\/posts\/58634\/revisions"}],"wp:featuredmedia":[{"embeddable":true,"href":"https:\/\/politicosaldesnudo.com.mx\/index.php\/wp-json\/wp\/v2\/media\/58635"}],"wp:attachment":[{"href":"https:\/\/politicosaldesnudo.com.mx\/index.php\/wp-json\/wp\/v2\/media?parent=58634"}],"wp:term":[{"taxonomy":"category","embeddable":true,"href":"https:\/\/politicosaldesnudo.com.mx\/index.php\/wp-json\/wp\/v2\/categories?post=58634"},{"taxonomy":"post_tag","embeddable":true,"href":"https:\/\/politicosaldesnudo.com.mx\/index.php\/wp-json\/wp\/v2\/tags?post=58634"}],"curies":[{"name":"wp","href":"https:\/\/api.w.org\/{rel}","templated":true}]}}