{"id":58643,"date":"2025-03-13T00:05:01","date_gmt":"2025-03-13T06:05:01","guid":{"rendered":"https:\/\/politicosaldesnudo.com.mx\/?p=58643"},"modified":"2025-03-12T21:43:31","modified_gmt":"2025-03-13T03:43:31","slug":"preocupa-al-inai-calidad-de-respuestas-de-sujetos-obligados-a-la-ciudadania","status":"publish","type":"post","link":"https:\/\/politicosaldesnudo.com.mx\/index.php\/2025\/03\/13\/preocupa-al-inai-calidad-de-respuestas-de-sujetos-obligados-a-la-ciudadania\/","title":{"rendered":"Preocupa al INAI calidad de respuestas de sujetos obligados a la ciudadan\u00eda"},"content":{"rendered":"<p class=\"nota-justify\">A una semana de su desaparici\u00f3n, el pleno del Instituto Nacional de Transparencia, Acceso a la Informaci\u00f3n y Protecci\u00f3n de Datos Personales (INAI) celebr\u00f3 este mi\u00e9rcoles su pen\u00faltima sesi\u00f3n, en la que el comisionado presidente, Adri\u00e1n Alcal\u00e1 M\u00e9ndez, expres\u00f3 su preocupaci\u00f3n por la calidad de las respuestas que los sujetos obligados est\u00e1n brindando a las solicitudes de informaci\u00f3n que presenta la ciudadan\u00eda.<\/p>\n<p class=\"nota-justify\">Durante la sesi\u00f3n, se analiz\u00f3 el caso de un ciudadano que solicit\u00f3 al Instituto Nacional de Migraci\u00f3n (INM) un registro en formato Excel sobre los mexicanos y extranjeros deportados entre 2016 y el 16 de diciembre de 2024, incluyendo el estado al que llegaron. En respuesta, el INM proporcion\u00f3 un hiperv\u00ednculo a boletines estad\u00edsticos e indic\u00f3 no haber localizado la informaci\u00f3n espec\u00edfica sobre la cantidad de extranjeros deportados, aunque comparti\u00f3 un cuadro con datos de personas extranjeras detectadas en la frontera norte desde 2020. Inconforme con la respuesta, el solicitante present\u00f3 una queja ante el INAI.<\/p>\n<p class=\"nota-justify\">La ponencia de la comisionada Blanca Lilia Ibarra Cadena determin\u00f3 que el INM no realiz\u00f3 una b\u00fasqueda exhaustiva y no consult\u00f3 a todas las unidades administrativas competentes, por lo que el pleno del INAI orden\u00f3 al INM que entregue la informaci\u00f3n en formato abierto.<\/p>\n<p class=\"nota-justify\">Al respecto, Ibarra Cadena destac\u00f3 que \u201cconocer los detalles sobre personas de origen extranjero deportadas a M\u00e9xico desde Estados Unidos es necesario para articular pol\u00edticas p\u00fablicas que permitan atender este creciente fen\u00f3meno desde una perspectiva respetuosa de su dignidad humana\u201d.<\/p>\n<p class=\"nota-justify\">Por su parte, Alcal\u00e1 M\u00e9ndez enfatiz\u00f3 la preocupaci\u00f3n que genera este tipo de respuestas, sobre todo en un momento en el que el INAI est\u00e1 por desaparecer. \u201cNo solo se incumple con la rendici\u00f3n de cuentas, sino que tambi\u00e9n se desatiende la obligaci\u00f3n de documentar las acciones gubernamentales\u201d, se\u00f1al\u00f3.<\/p>\n<p class=\"nota-justify\">En la sesi\u00f3n, Alcal\u00e1 M\u00e9ndez destac\u00f3 que el INAI est\u00e1 a una semana de su extinci\u00f3n. El pleno del INAI acord\u00f3 suspender algunas facultades del organismo y aprob\u00f3 acuerdos administrativos relativos al futuro de sus trabajadores.<\/p>\n<p class=\"nota-justify\">Alcal\u00e1 M\u00e9ndez mencion\u00f3 que cuando desaparezca el INIA se pondr\u00e1 fin a un sistema que, desde su autonom\u00eda, ampli\u00f3 la lista de sujetos obligados -personas o entidades que deben cumplir con obligaciones establecidas en las leyes de transparencia- de 249 a 698, incluyendo dependencias gubernamentales, partidos pol\u00edticos, fideicomisos y sindicatos.<\/p>\n<p class=\"nota-justify\">\u201cSeguiremos resolviendo hasta el \u00faltimo momento garantizando los derechos de acceso a la informaci\u00f3n y protecci\u00f3n de datos personales\u201d, concluy\u00f3 el comisionado presidente.<\/p>\n","protected":false},"excerpt":{"rendered":"<p>A una semana de su desaparici\u00f3n, el pleno del Instituto Nacional de Transparencia, Acceso a la Informaci\u00f3n y Protecci\u00f3n de<\/p>\n","protected":false},"author":4,"featured_media":58644,"comment_status":"closed","ping_status":"closed","sticky":false,"template":"","format":"standard","meta":{"colormag_page_container_layout":"default_layout","colormag_page_sidebar_layout":"default_layout","_jetpack_memberships_contains_paid_content":false,"footnotes":"","jetpack_publicize_message":"","jetpack_publicize_feature_enabled":true,"jetpack_social_post_already_shared":false,"jetpack_social_options":{"image_generator_settings":{"template":"highway","default_image_id":0,"font":"","enabled":false},"version":2}},"categories":[33],"tags":[],"class_list":["post-58643","post","type-post","status-publish","format-standard","has-post-thumbnail","hentry","category-nacional"],"jetpack_publicize_connections":[],"jetpack_featured_media_url":"https:\/\/i0.wp.com\/politicosaldesnudo.com.mx\/wp-content\/uploads\/2025\/03\/IN.jpg?fit=682%2C453&ssl=1","jetpack-related-posts":[],"jetpack_sharing_enabled":true,"_links":{"self":[{"href":"https:\/\/politicosaldesnudo.com.mx\/index.php\/wp-json\/wp\/v2\/posts\/58643","targetHints":{"allow":["GET"]}}],"collection":[{"href":"https:\/\/politicosaldesnudo.com.mx\/index.php\/wp-json\/wp\/v2\/posts"}],"about":[{"href":"https:\/\/politicosaldesnudo.com.mx\/index.php\/wp-json\/wp\/v2\/types\/post"}],"author":[{"embeddable":true,"href":"https:\/\/politicosaldesnudo.com.mx\/index.php\/wp-json\/wp\/v2\/users\/4"}],"replies":[{"embeddable":true,"href":"https:\/\/politicosaldesnudo.com.mx\/index.php\/wp-json\/wp\/v2\/comments?post=58643"}],"version-history":[{"count":0,"href":"https:\/\/politicosaldesnudo.com.mx\/index.php\/wp-json\/wp\/v2\/posts\/58643\/revisions"}],"wp:featuredmedia":[{"embeddable":true,"href":"https:\/\/politicosaldesnudo.com.mx\/index.php\/wp-json\/wp\/v2\/media\/58644"}],"wp:attachment":[{"href":"https:\/\/politicosaldesnudo.com.mx\/index.php\/wp-json\/wp\/v2\/media?parent=58643"}],"wp:term":[{"taxonomy":"category","embeddable":true,"href":"https:\/\/politicosaldesnudo.com.mx\/index.php\/wp-json\/wp\/v2\/categories?post=58643"},{"taxonomy":"post_tag","embeddable":true,"href":"https:\/\/politicosaldesnudo.com.mx\/index.php\/wp-json\/wp\/v2\/tags?post=58643"}],"curies":[{"name":"wp","href":"https:\/\/api.w.org\/{rel}","templated":true}]}}