{"id":58658,"date":"2025-03-13T00:10:39","date_gmt":"2025-03-13T06:10:39","guid":{"rendered":"https:\/\/politicosaldesnudo.com.mx\/?p=58658"},"modified":"2025-03-12T21:52:51","modified_gmt":"2025-03-13T03:52:51","slug":"por-aranceles-mexico-debe-apostar-por-el-mercado-interno-coparmex","status":"publish","type":"post","link":"https:\/\/politicosaldesnudo.com.mx\/index.php\/2025\/03\/13\/por-aranceles-mexico-debe-apostar-por-el-mercado-interno-coparmex\/","title":{"rendered":"Por aranceles, M\u00e9xico debe apostar por el mercado interno: Coparmex"},"content":{"rendered":"<p>M\u00e9xico debe apostar por el fortalecimiento de su mercado interno y reducir la dependencia del exterior para garantizar estabilidad y crecimiento, se\u00f1al\u00f3 la Confederaci\u00f3n Patronal de la Rep\u00fablica Mexicana (Coparmex) ante la entrada en vigor de los aranceles a todas las importaciones de acero y aluminio en Estados Unidos, incluyendo las de origen mexicano.<\/p>\n<p>\u201cLa incertidumbre generada por la constante imposici\u00f3n y amenaza de aranceles por parte de Estados Unidos no debe limitar nuestra visi\u00f3n ni frenar el desarrollo de la industria nacional\u201d, se\u00f1al\u00f3 el organismo del sector privado.<\/p>\n<p>La Coparmex plante\u00f3 que es fundamental consolidar un entorno de inversi\u00f3n seguro, con reglas claras y pol\u00edticas que fomenten la competitividad del sector productivo.<\/p>\n<p>\u201cAnte la imposici\u00f3n de los aranceles al acero y al aluminio a partir de hoy, se hace patente la necesidad de replantear estrategias econ\u00f3micas y priorizar la diversificaci\u00f3n de mercados. La econom\u00eda mexicana cuenta con el potencial necesario para fortalecerse desde adentro, impulsando la innovaci\u00f3n, la productividad y el desarrollo de la industria nacional. Para lograrlo, es indispensable generar condiciones propicias para la inversi\u00f3n y la estabilidad, elementos clave para asegurar el crecimiento sostenible\u201d, se\u00f1al\u00f3.<\/p>\n<p>\u00abTenemos que ser muy estrat\u00e9gicos de darse la imposici\u00f3n arancelaria. Si hay una respuesta del Gobierno de M\u00e9xico en temas de arancel, tenemos que tener mucho cuidado para no darnos un balazo en el pie, porque el tama\u00f1o de la econom\u00eda de M\u00e9xico comparada con la de Estados Unidos, no es el mismo\u201d, dijo el presidente de la Coparmex, Juan Jos\u00e9 Sierra \u00c1lvarez.<\/p>\n<p>\u201cEn el marco de un tratado de libre comercio es contradictorio, pero es una realidad. Entonces es bueno esperar la estrategia, ver qu\u00e9 sectores van a afectar esta imposici\u00f3n arancelaria y, a partir de la afectaci\u00f3n de los sectores, tiene que haber una respuesta as\u00ed, estrat\u00e9gica y cuidadosa del Gobierno de M\u00e9xico\u201d, agreg\u00f3. El organismo llam\u00f3 a entablar un di\u00e1logo, pues \u201cel pa\u00eds y los retos externos exigen una unidad real, aut\u00e9ntica, no artificial\u201d.<\/p>\n","protected":false},"excerpt":{"rendered":"<p>M\u00e9xico debe apostar por el fortalecimiento de su mercado interno y reducir la dependencia del exterior para garantizar estabilidad y<\/p>\n","protected":false},"author":4,"featured_media":58659,"comment_status":"closed","ping_status":"closed","sticky":false,"template":"","format":"standard","meta":{"colormag_page_container_layout":"default_layout","colormag_page_sidebar_layout":"default_layout","_jetpack_memberships_contains_paid_content":false,"footnotes":"","jetpack_publicize_message":"","jetpack_publicize_feature_enabled":true,"jetpack_social_post_already_shared":false,"jetpack_social_options":{"image_generator_settings":{"template":"highway","default_image_id":0,"font":"","enabled":false},"version":2}},"categories":[2050],"tags":[],"class_list":["post-58658","post","type-post","status-publish","format-standard","has-post-thumbnail","hentry","category-economia"],"jetpack_publicize_connections":[],"jetpack_featured_media_url":"https:\/\/i0.wp.com\/politicosaldesnudo.com.mx\/wp-content\/uploads\/2025\/03\/AR-1.jpg?fit=515%2C363&ssl=1","jetpack-related-posts":[],"jetpack_sharing_enabled":true,"_links":{"self":[{"href":"https:\/\/politicosaldesnudo.com.mx\/index.php\/wp-json\/wp\/v2\/posts\/58658","targetHints":{"allow":["GET"]}}],"collection":[{"href":"https:\/\/politicosaldesnudo.com.mx\/index.php\/wp-json\/wp\/v2\/posts"}],"about":[{"href":"https:\/\/politicosaldesnudo.com.mx\/index.php\/wp-json\/wp\/v2\/types\/post"}],"author":[{"embeddable":true,"href":"https:\/\/politicosaldesnudo.com.mx\/index.php\/wp-json\/wp\/v2\/users\/4"}],"replies":[{"embeddable":true,"href":"https:\/\/politicosaldesnudo.com.mx\/index.php\/wp-json\/wp\/v2\/comments?post=58658"}],"version-history":[{"count":0,"href":"https:\/\/politicosaldesnudo.com.mx\/index.php\/wp-json\/wp\/v2\/posts\/58658\/revisions"}],"wp:featuredmedia":[{"embeddable":true,"href":"https:\/\/politicosaldesnudo.com.mx\/index.php\/wp-json\/wp\/v2\/media\/58659"}],"wp:attachment":[{"href":"https:\/\/politicosaldesnudo.com.mx\/index.php\/wp-json\/wp\/v2\/media?parent=58658"}],"wp:term":[{"taxonomy":"category","embeddable":true,"href":"https:\/\/politicosaldesnudo.com.mx\/index.php\/wp-json\/wp\/v2\/categories?post=58658"},{"taxonomy":"post_tag","embeddable":true,"href":"https:\/\/politicosaldesnudo.com.mx\/index.php\/wp-json\/wp\/v2\/tags?post=58658"}],"curies":[{"name":"wp","href":"https:\/\/api.w.org\/{rel}","templated":true}]}}