{"id":58676,"date":"2025-03-13T00:16:46","date_gmt":"2025-03-13T06:16:46","guid":{"rendered":"https:\/\/politicosaldesnudo.com.mx\/?p=58676"},"modified":"2025-03-12T22:08:07","modified_gmt":"2025-03-13T04:08:07","slug":"docentes-protestan-en-puerto-vallarta-contra-la-reforma-a-ley-del-issste","status":"publish","type":"post","link":"https:\/\/politicosaldesnudo.com.mx\/index.php\/2025\/03\/13\/docentes-protestan-en-puerto-vallarta-contra-la-reforma-a-ley-del-issste\/","title":{"rendered":"Docentes protestan en Puerto Vallarta contra la reforma a Ley del Issste"},"content":{"rendered":"<p class=\"nota-justify\">Decenas de maestros protestaron la ma\u00f1ana de este mi\u00e9rcoles en ese puerto contra la Ley del Instituto de Seguridad y Servicios Sociales de los Trabajadores del Estado (Issste), tras parar labores en varios planteles de la demarcaci\u00f3n.<\/p>\n<p class=\"nota-justify\">La marcha inici\u00f3 en la Unidad Administrativa Municipal (UAM) hasta la delegaci\u00f3n de Servicios la Delegaci\u00f3n de Servicios Educativos (DRSE) del gobierno estatal, para finalmente concluir en el Hospital del Issste de la avenida Francisco Villa, donde lanzaron consignas y exigieron un alto a cualquier intenci\u00f3n de atropellar sus derechos laborales,<\/p>\n<p class=\"nota-justify\">Los docentes rechazaron la reforma, impulsada por el gobierno federal. Con pancartas dec\u00edan: \u00abExigimos respeto a nuestros derechos, estabilidad laboral y una jubilaci\u00f3n digna\u00bb, \u00abSoy maestra de preescolar, no a la reforma a la Ley del Issste 2025\u00bb, \u00abNo estamos dejando de ense\u00f1ar, estamos ense\u00f1ando a luchar\u00bb, dec\u00eda otra cartulina<\/p>\n<p class=\"nota-justify\">Tambi\u00e9n exigieron regresar al sistema solidario, colectivo intergeneracional e intergremial en las pensiones y no a los afores y a las UMAS\u00bb, adem\u00e1s de abrogaci\u00f3n a la reforma educativa y a la Ley del Issste de 2007.<\/p>\n<p class=\"nota-justify\">Los docentes, quienes d\u00edas atr\u00e1s realizaron paro de labores, afirmaron que la lucha no cesar\u00e1 hasta que el gobierno federal no resuelva favorablemente su pliego petitorio.<\/p>\n","protected":false},"excerpt":{"rendered":"<p>Decenas de maestros protestaron la ma\u00f1ana de este mi\u00e9rcoles en ese puerto contra la Ley del Instituto de Seguridad y<\/p>\n","protected":false},"author":4,"featured_media":58677,"comment_status":"closed","ping_status":"closed","sticky":false,"template":"","format":"standard","meta":{"colormag_page_container_layout":"default_layout","colormag_page_sidebar_layout":"default_layout","_jetpack_memberships_contains_paid_content":false,"footnotes":"","jetpack_publicize_message":"","jetpack_publicize_feature_enabled":true,"jetpack_social_post_already_shared":false,"jetpack_social_options":{"image_generator_settings":{"template":"highway","default_image_id":0,"font":"","enabled":false},"version":2}},"categories":[30],"tags":[],"class_list":["post-58676","post","type-post","status-publish","format-standard","has-post-thumbnail","hentry","category-estados"],"jetpack_publicize_connections":[],"jetpack_featured_media_url":"https:\/\/i0.wp.com\/politicosaldesnudo.com.mx\/wp-content\/uploads\/2025\/03\/ISST.jpg?fit=445%2C342&ssl=1","jetpack-related-posts":[],"jetpack_sharing_enabled":true,"_links":{"self":[{"href":"https:\/\/politicosaldesnudo.com.mx\/index.php\/wp-json\/wp\/v2\/posts\/58676","targetHints":{"allow":["GET"]}}],"collection":[{"href":"https:\/\/politicosaldesnudo.com.mx\/index.php\/wp-json\/wp\/v2\/posts"}],"about":[{"href":"https:\/\/politicosaldesnudo.com.mx\/index.php\/wp-json\/wp\/v2\/types\/post"}],"author":[{"embeddable":true,"href":"https:\/\/politicosaldesnudo.com.mx\/index.php\/wp-json\/wp\/v2\/users\/4"}],"replies":[{"embeddable":true,"href":"https:\/\/politicosaldesnudo.com.mx\/index.php\/wp-json\/wp\/v2\/comments?post=58676"}],"version-history":[{"count":0,"href":"https:\/\/politicosaldesnudo.com.mx\/index.php\/wp-json\/wp\/v2\/posts\/58676\/revisions"}],"wp:featuredmedia":[{"embeddable":true,"href":"https:\/\/politicosaldesnudo.com.mx\/index.php\/wp-json\/wp\/v2\/media\/58677"}],"wp:attachment":[{"href":"https:\/\/politicosaldesnudo.com.mx\/index.php\/wp-json\/wp\/v2\/media?parent=58676"}],"wp:term":[{"taxonomy":"category","embeddable":true,"href":"https:\/\/politicosaldesnudo.com.mx\/index.php\/wp-json\/wp\/v2\/categories?post=58676"},{"taxonomy":"post_tag","embeddable":true,"href":"https:\/\/politicosaldesnudo.com.mx\/index.php\/wp-json\/wp\/v2\/tags?post=58676"}],"curies":[{"name":"wp","href":"https:\/\/api.w.org\/{rel}","templated":true}]}}