{"id":58691,"date":"2025-03-13T00:21:53","date_gmt":"2025-03-13T06:21:53","guid":{"rendered":"https:\/\/politicosaldesnudo.com.mx\/?p=58691"},"modified":"2025-03-12T22:21:35","modified_gmt":"2025-03-13T04:21:35","slug":"la-politica-la-verdad-la-justicia","status":"publish","type":"post","link":"https:\/\/politicosaldesnudo.com.mx\/index.php\/2025\/03\/13\/la-politica-la-verdad-la-justicia\/","title":{"rendered":"LA POL\u00cdTICA, LA VERDAD, LA JUSTICIA"},"content":{"rendered":"<p>En nuestro M\u00e9xico no est\u00e1 muy claro qui\u00e9n es y quien no es un pol\u00edtico honesto. En principio, es pol\u00edtico el que est\u00e1 incorporado a un partido, para lo cual no es indispensable contar con una patente de honestidad. Por eso, los propios partidos pol\u00edticos contribuyen a la confusi\u00f3n, al recibir en su seno a quienes no son particularmente probos, ni lo han sido nunca, ni lo ser\u00e1n jam\u00e1s.<\/p>\n<p>A los partidos pol\u00edticos, se llamen como se llamen, pertenecen l\u00edderes, luchadores sociales, delincuentes, bribones, estafadores, prometedores, etc., etc., los cuales integran algo tan parad\u00f3jico y contradictorio como un grupo de \u2013dirigentes no ejercientes de probidad-. Y que conste que con ello no se quiere decir a los que transitoriamente, por alguna raz\u00f3n o incompatibilidad se afilian a otro partido oponente en ideolog\u00eda. Si el pueblo de M\u00e9xico aclama y aplaude a esa caterva de pol\u00edticos delincuentes, no hay que quejarse de la confusi\u00f3n.<\/p>\n<p>Pero, en fin, la Academia de Derecho Penal del Colegio Nacional de Abogados Foro de M\u00e9xico, A.C., quiere hablar de los estadistas que son los pol\u00edticos de verdad, de probidad. Si la abogac\u00eda quiere hacerse de una clara idea de lo que es la pol\u00edtica, quiz\u00e1 deber\u00eda de empezar por repasar las magn\u00edficas palabras expresadas por Jules Barbey d&#8217;Aurevilly, \u00a0en su libro \u201cLes philosophes et les \u00e9crivains religieux\u201d, quien fuera un valioso cr\u00edtico que, en su vida, influy\u00f3 en cuestiones de orden social: \u201cni los que aman la verdad, ni los que aman la justicia pueden ocuparse de la pol\u00edtica, ya que \u00e9sta, a su vez, nada se ocupa de la justicia, ni de la verdad\u201d.<\/p>\n<p>En esas palabras y entre l\u00edneas aparecen las palabras de verdad, justicia, astucia, inter\u00e9s, desidia, arrogancia, liderazgo, elocuencia, impostura, demagogia, corrupci\u00f3n y doble moral, siempre coloreadas en discursos grandilocuentes. Esas expresiones exageran las condiciones que, en su debida proporci\u00f3n, est\u00e1n presentes en la pol\u00edtica.<\/p>\n<p>A manera de corolario la abogac\u00eda independiente de la Rep\u00fablica desea que en M\u00e9xico se eviten confusiones y que sus pol\u00edticos no incurran en actos de traici\u00f3n a los intereses de justicia, ya que ellos son los reales y leg\u00edtimos dirigentes para crear una Patria reluciente que el pueblo requiere.<\/p>\n<p>Luego entonces las palabras pol\u00edtica, verdad y justicia no se entrelazan.<\/p>\n<p>Es cu\u00e1nto.<\/p>\n<p><img data-recalc-dims=\"1\" loading=\"lazy\" decoding=\"async\" class=\"aligncenter size-full wp-image-58411\" src=\"https:\/\/i0.wp.com\/politicosaldesnudo.com.mx\/wp-content\/uploads\/2025\/03\/FIRMA-EDITORIAL-PD-2.jpg?resize=800%2C98&#038;ssl=1\" alt=\"\" width=\"800\" height=\"98\" srcset=\"https:\/\/i0.wp.com\/politicosaldesnudo.com.mx\/wp-content\/uploads\/2025\/03\/FIRMA-EDITORIAL-PD-2.jpg?w=1024&amp;ssl=1 1024w, https:\/\/i0.wp.com\/politicosaldesnudo.com.mx\/wp-content\/uploads\/2025\/03\/FIRMA-EDITORIAL-PD-2.jpg?resize=300%2C37&amp;ssl=1 300w, https:\/\/i0.wp.com\/politicosaldesnudo.com.mx\/wp-content\/uploads\/2025\/03\/FIRMA-EDITORIAL-PD-2.jpg?resize=768%2C94&amp;ssl=1 768w\" sizes=\"auto, (max-width: 800px) 100vw, 800px\" \/><\/p>\n","protected":false},"excerpt":{"rendered":"<p>En nuestro M\u00e9xico no est\u00e1 muy claro qui\u00e9n es y quien no es un pol\u00edtico honesto. En principio, es pol\u00edtico<\/p>\n","protected":false},"author":4,"featured_media":52149,"comment_status":"closed","ping_status":"closed","sticky":false,"template":"","format":"standard","meta":{"colormag_page_container_layout":"default_layout","colormag_page_sidebar_layout":"default_layout","_jetpack_memberships_contains_paid_content":false,"footnotes":"","jetpack_publicize_message":"","jetpack_publicize_feature_enabled":true,"jetpack_social_post_already_shared":false,"jetpack_social_options":{"image_generator_settings":{"template":"highway","default_image_id":0,"font":"","enabled":false},"version":2}},"categories":[26],"tags":[],"class_list":["post-58691","post","type-post","status-publish","format-standard","has-post-thumbnail","hentry","category-columnistas"],"jetpack_publicize_connections":[],"jetpack_featured_media_url":"https:\/\/i0.wp.com\/politicosaldesnudo.com.mx\/wp-content\/uploads\/2024\/12\/WOODLRICH.jpg?fit=800%2C445&ssl=1","jetpack-related-posts":[],"jetpack_sharing_enabled":true,"_links":{"self":[{"href":"https:\/\/politicosaldesnudo.com.mx\/index.php\/wp-json\/wp\/v2\/posts\/58691","targetHints":{"allow":["GET"]}}],"collection":[{"href":"https:\/\/politicosaldesnudo.com.mx\/index.php\/wp-json\/wp\/v2\/posts"}],"about":[{"href":"https:\/\/politicosaldesnudo.com.mx\/index.php\/wp-json\/wp\/v2\/types\/post"}],"author":[{"embeddable":true,"href":"https:\/\/politicosaldesnudo.com.mx\/index.php\/wp-json\/wp\/v2\/users\/4"}],"replies":[{"embeddable":true,"href":"https:\/\/politicosaldesnudo.com.mx\/index.php\/wp-json\/wp\/v2\/comments?post=58691"}],"version-history":[{"count":0,"href":"https:\/\/politicosaldesnudo.com.mx\/index.php\/wp-json\/wp\/v2\/posts\/58691\/revisions"}],"wp:featuredmedia":[{"embeddable":true,"href":"https:\/\/politicosaldesnudo.com.mx\/index.php\/wp-json\/wp\/v2\/media\/52149"}],"wp:attachment":[{"href":"https:\/\/politicosaldesnudo.com.mx\/index.php\/wp-json\/wp\/v2\/media?parent=58691"}],"wp:term":[{"taxonomy":"category","embeddable":true,"href":"https:\/\/politicosaldesnudo.com.mx\/index.php\/wp-json\/wp\/v2\/categories?post=58691"},{"taxonomy":"post_tag","embeddable":true,"href":"https:\/\/politicosaldesnudo.com.mx\/index.php\/wp-json\/wp\/v2\/tags?post=58691"}],"curies":[{"name":"wp","href":"https:\/\/api.w.org\/{rel}","templated":true}]}}