{"id":58713,"date":"2025-03-14T00:01:03","date_gmt":"2025-03-14T06:01:03","guid":{"rendered":"https:\/\/politicosaldesnudo.com.mx\/?p=58713"},"modified":"2025-03-13T21:45:50","modified_gmt":"2025-03-14T03:45:50","slug":"escuelas-se-suman-a-la-activacion-de-bibliotecas","status":"publish","type":"post","link":"https:\/\/politicosaldesnudo.com.mx\/index.php\/2025\/03\/14\/escuelas-se-suman-a-la-activacion-de-bibliotecas\/","title":{"rendered":"Escuelas se suman a la activaci\u00f3n de Bibliotecas"},"content":{"rendered":"<p>Estudiantes de diversas escuelas participan en el programa \u201cLa Hora del Cuento\u201d, una iniciativa que forma parte de las acciones para la activaci\u00f3n de bibliotecas en la ciudad.<\/p>\n<p>A pesar del auge del internet y las plataformas digitales, esta estrategia busca revitalizar el uso de las bibliotecas como espacios de aprendizaje, creatividad e interacci\u00f3n social. Con la participaci\u00f3n de distintas instituciones educativas, se pretende fomentar el h\u00e1bito de la lectura y fortalecer el valor cultural que estos espacios ofrecen a la comunidad.<\/p>\n<p>\u201cLas bibliotecas siguen siendo esenciales para el desarrollo intelectual y social de los estudiantes. No solo fomentan la lectura, sino que tambi\u00e9n promueven la convivencia y el pensamiento cr\u00edtico\u201d, coment\u00f3 uno de los organizadores.<\/p>\n<p>Durante la actividad, los estudiantes disfrutan de la narraci\u00f3n de cuentos, lo que permite estimular su imaginaci\u00f3n y reforzar sus habilidades de comprensi\u00f3n lectora.<\/p>\n","protected":false},"excerpt":{"rendered":"<p>Estudiantes de diversas escuelas participan en el programa \u201cLa Hora del Cuento\u201d, una iniciativa que forma parte de las acciones<\/p>\n","protected":false},"author":4,"featured_media":58714,"comment_status":"closed","ping_status":"closed","sticky":false,"template":"","format":"standard","meta":{"colormag_page_container_layout":"default_layout","colormag_page_sidebar_layout":"default_layout","_jetpack_memberships_contains_paid_content":false,"footnotes":"","jetpack_publicize_message":"","jetpack_publicize_feature_enabled":true,"jetpack_social_post_already_shared":false,"jetpack_social_options":{"image_generator_settings":{"template":"highway","default_image_id":0,"font":"","enabled":false},"version":2}},"categories":[1082],"tags":[],"class_list":["post-58713","post","type-post","status-publish","format-standard","has-post-thumbnail","hentry","category-tuxpan"],"jetpack_publicize_connections":[],"jetpack_featured_media_url":"https:\/\/i0.wp.com\/politicosaldesnudo.com.mx\/wp-content\/uploads\/2025\/03\/3b-2.jpg?fit=1080%2C608&ssl=1","jetpack-related-posts":[],"jetpack_sharing_enabled":true,"_links":{"self":[{"href":"https:\/\/politicosaldesnudo.com.mx\/index.php\/wp-json\/wp\/v2\/posts\/58713","targetHints":{"allow":["GET"]}}],"collection":[{"href":"https:\/\/politicosaldesnudo.com.mx\/index.php\/wp-json\/wp\/v2\/posts"}],"about":[{"href":"https:\/\/politicosaldesnudo.com.mx\/index.php\/wp-json\/wp\/v2\/types\/post"}],"author":[{"embeddable":true,"href":"https:\/\/politicosaldesnudo.com.mx\/index.php\/wp-json\/wp\/v2\/users\/4"}],"replies":[{"embeddable":true,"href":"https:\/\/politicosaldesnudo.com.mx\/index.php\/wp-json\/wp\/v2\/comments?post=58713"}],"version-history":[{"count":0,"href":"https:\/\/politicosaldesnudo.com.mx\/index.php\/wp-json\/wp\/v2\/posts\/58713\/revisions"}],"wp:featuredmedia":[{"embeddable":true,"href":"https:\/\/politicosaldesnudo.com.mx\/index.php\/wp-json\/wp\/v2\/media\/58714"}],"wp:attachment":[{"href":"https:\/\/politicosaldesnudo.com.mx\/index.php\/wp-json\/wp\/v2\/media?parent=58713"}],"wp:term":[{"taxonomy":"category","embeddable":true,"href":"https:\/\/politicosaldesnudo.com.mx\/index.php\/wp-json\/wp\/v2\/categories?post=58713"},{"taxonomy":"post_tag","embeddable":true,"href":"https:\/\/politicosaldesnudo.com.mx\/index.php\/wp-json\/wp\/v2\/tags?post=58713"}],"curies":[{"name":"wp","href":"https:\/\/api.w.org\/{rel}","templated":true}]}}