{"id":58731,"date":"2025-03-14T00:07:02","date_gmt":"2025-03-14T06:07:02","guid":{"rendered":"https:\/\/politicosaldesnudo.com.mx\/?p=58731"},"modified":"2025-03-13T22:14:12","modified_gmt":"2025-03-14T04:14:12","slug":"revisa-de-la-fuente-litigios-de-mexico-contra-industria-de-armas-en-eu","status":"publish","type":"post","link":"https:\/\/politicosaldesnudo.com.mx\/index.php\/2025\/03\/14\/revisa-de-la-fuente-litigios-de-mexico-contra-industria-de-armas-en-eu\/","title":{"rendered":"Revisa De la Fuente litigios de M\u00e9xico contra industria de armas en EU"},"content":{"rendered":"<p class=\"nota-justify\">Este jueves, los abogados que representan a M\u00e9xico en los litigios contra fabricantes, distribuidores y vendedores de armas en Estados Unidos, Steve Shadowen y Jonathan Lowy, se reunieron con el secretario de Relaciones Exteriores (SRE), Juan Ram\u00f3n de la Fuente, para ponerlo al tanto de los avances y definir los pr\u00f3ximos pasos en los casos presentados en Boston, Massachusetts y Tucson, Arizona.<\/p>\n<p class=\"nota-justify\">En la reuni\u00f3n, celebrada en la sede de la Secretar\u00eda de Relaciones Exteriores (SRE), de la Fuente, acompa\u00f1ado por el consultor jur\u00eddico de la Canciller\u00eda, Pablo Arrocha, expres\u00f3 el pleno respaldo del gobierno mexicano a las acciones legales emprendidas y subray\u00f3 la relevancia de este esfuerzo en la lucha contra el tr\u00e1fico il\u00edcito de armas. El secretario reafirm\u00f3 que esta estrategia es crucial para el pueblo de M\u00e9xico, quien sigue siendo la principal v\u00edctima de este flagelo, de acuerdo con un comunicado.<\/p>\n<p class=\"nota-justify\">Los abogados informaron al secretario de la Fuente sobre los progresos procesales en ambos litigios. Un hito importante se dio el pasado 4 de marzo, cuando tuvo lugar una audiencia hist\u00f3rica ante la Suprema Corte de Estados Unidos, donde se expuso el caso contra empresas manufactureras y distribuidoras de armas. En cuanto al litigio en Tucson, Arizona, entablado por M\u00e9xico en contra de vendedores de armamento, este se encuentra actualmente en la etapa de recolecci\u00f3n y producci\u00f3n de evidencia.<\/p>\n<p class=\"nota-justify\">En su visita al pa\u00eds, los abogados han sostenido diversas reuniones de trabajo con autoridades federales y locales para recabar evidencia que permita demostrar la conducta negligente de las cinco tiendas demandadas en Arizona, a fin de fortalecer el caso legal.<\/p>\n<p class=\"nota-justify\">Esta estrategia legal se enmarca dentro de los esfuerzos prioritarios impulsados por la presidenta Claudia Sheinbaum, quien ha dado un alto enfoque a la lucha contra el tr\u00e1fico il\u00edcito de armas, reconociendo su impacto negativo en la seguridad y bienestar de la poblaci\u00f3n mexicana, de acuerdo con la Canciller\u00eda.<\/p>\n<p class=\"nota-justify\">La dependencia agreg\u00f3 que el gobierno de M\u00e9xico continuar\u00e1 explorando todas las v\u00edas legales disponibles en el \u00e1mbito nacional, regional y global, para reducir los flujos de armas ilegales que alimentan la violencia en el pa\u00eds, y reiter\u00f3 su compromiso de fortalecer las acciones legales contra quienes fomentan el tr\u00e1fico il\u00edcito de armamento hacia el territorio nacional.<\/p>\n","protected":false},"excerpt":{"rendered":"<p>Este jueves, los abogados que representan a M\u00e9xico en los litigios contra fabricantes, distribuidores y vendedores de armas en Estados<\/p>\n","protected":false},"author":4,"featured_media":58732,"comment_status":"closed","ping_status":"closed","sticky":false,"template":"","format":"standard","meta":{"colormag_page_container_layout":"default_layout","colormag_page_sidebar_layout":"default_layout","_jetpack_memberships_contains_paid_content":false,"footnotes":"","jetpack_publicize_message":"","jetpack_publicize_feature_enabled":true,"jetpack_social_post_already_shared":false,"jetpack_social_options":{"image_generator_settings":{"template":"highway","default_image_id":0,"font":"","enabled":false},"version":2}},"categories":[33],"tags":[],"class_list":["post-58731","post","type-post","status-publish","format-standard","has-post-thumbnail","hentry","category-nacional"],"jetpack_publicize_connections":[],"jetpack_featured_media_url":"https:\/\/i0.wp.com\/politicosaldesnudo.com.mx\/wp-content\/uploads\/2025\/03\/SRE-1.jpg?fit=441%2C313&ssl=1","jetpack-related-posts":[],"jetpack_sharing_enabled":true,"_links":{"self":[{"href":"https:\/\/politicosaldesnudo.com.mx\/index.php\/wp-json\/wp\/v2\/posts\/58731","targetHints":{"allow":["GET"]}}],"collection":[{"href":"https:\/\/politicosaldesnudo.com.mx\/index.php\/wp-json\/wp\/v2\/posts"}],"about":[{"href":"https:\/\/politicosaldesnudo.com.mx\/index.php\/wp-json\/wp\/v2\/types\/post"}],"author":[{"embeddable":true,"href":"https:\/\/politicosaldesnudo.com.mx\/index.php\/wp-json\/wp\/v2\/users\/4"}],"replies":[{"embeddable":true,"href":"https:\/\/politicosaldesnudo.com.mx\/index.php\/wp-json\/wp\/v2\/comments?post=58731"}],"version-history":[{"count":0,"href":"https:\/\/politicosaldesnudo.com.mx\/index.php\/wp-json\/wp\/v2\/posts\/58731\/revisions"}],"wp:featuredmedia":[{"embeddable":true,"href":"https:\/\/politicosaldesnudo.com.mx\/index.php\/wp-json\/wp\/v2\/media\/58732"}],"wp:attachment":[{"href":"https:\/\/politicosaldesnudo.com.mx\/index.php\/wp-json\/wp\/v2\/media?parent=58731"}],"wp:term":[{"taxonomy":"category","embeddable":true,"href":"https:\/\/politicosaldesnudo.com.mx\/index.php\/wp-json\/wp\/v2\/categories?post=58731"},{"taxonomy":"post_tag","embeddable":true,"href":"https:\/\/politicosaldesnudo.com.mx\/index.php\/wp-json\/wp\/v2\/tags?post=58731"}],"curies":[{"name":"wp","href":"https:\/\/api.w.org\/{rel}","templated":true}]}}