{"id":58744,"date":"2025-03-14T00:11:15","date_gmt":"2025-03-14T06:11:15","guid":{"rendered":"https:\/\/politicosaldesnudo.com.mx\/?p=58744"},"modified":"2025-03-13T22:27:32","modified_gmt":"2025-03-14T04:27:32","slug":"volkswagen-descarta-cambios-en-produccion-de-mexico","status":"publish","type":"post","link":"https:\/\/politicosaldesnudo.com.mx\/index.php\/2025\/03\/14\/volkswagen-descarta-cambios-en-produccion-de-mexico\/","title":{"rendered":"Volkswagen descarta cambios en producci\u00f3n de M\u00e9xico"},"content":{"rendered":"<p class=\"nota-justify\">La marca de veh\u00edculos de pasajeros de Volkswagen est\u00e1 trabajando en planes de respaldo en respuesta a los aranceles de Estados Unidos, dijeron sus ejecutivos el jueves, y descartaron medidas de \u00faltima hora para trasladar veh\u00edculos a trav\u00e9s de la frontera desde M\u00e9xico.<\/p>\n<p class=\"nota-justify\">VW tiene una importante planta en Puebla, que produce alrededor de dos tercios de los coches que vende en Estados Unidos.<\/p>\n<p class=\"nota-justify\">A la empresa se le concedi\u00f3 una pr\u00f3rroga de un mes de los aranceles de 25 por ciento impuestos por el presidente de Estados Unidos, Donald Trump, a las importaciones de autom\u00f3viles procedentes de M\u00e9xico a principios de este mes porque cumpl\u00eda con las reglas de origen del Tratado M\u00e9xico-Estados Unidos-Canad\u00e1 (T-MEC).<\/p>\n<p class=\"nota-justify\">Aumentar la producci\u00f3n en la planta de la marca en Chattanooga, en Estados Unidos, necesitar\u00eda \u201cun poco m\u00e1s de tiempo\u201d, dijo el presidente ejecutivo de la marca, Thomas Sch\u00e4fer.<\/p>\n<p class=\"nota-justify\">\u201cPor ahora, estamos observando la situaci\u00f3n y haciendo planes de respaldo para soluciones a largo plazo\u201d, a\u00f1adi\u00f3, describiendo un cambio a corto plazo de los modelos desde M\u00e9xico a su planta en Estados Unidos como \u201cno realista\u201d.<\/p>\n<p class=\"nota-justify\">El director financiero de la marca, David Powels, tambi\u00e9n dijo que VW no hab\u00eda trasladado ning\u00fan coche a trav\u00e9s de la frontera en previsi\u00f3n de los aranceles.<\/p>\n<p>&nbsp;<\/p>\n","protected":false},"excerpt":{"rendered":"<p>La marca de veh\u00edculos de pasajeros de Volkswagen est\u00e1 trabajando en planes de respaldo en respuesta a los aranceles de<\/p>\n","protected":false},"author":4,"featured_media":58745,"comment_status":"closed","ping_status":"closed","sticky":false,"template":"","format":"standard","meta":{"colormag_page_container_layout":"default_layout","colormag_page_sidebar_layout":"default_layout","_jetpack_memberships_contains_paid_content":false,"footnotes":"","jetpack_publicize_message":"","jetpack_publicize_feature_enabled":true,"jetpack_social_post_already_shared":false,"jetpack_social_options":{"image_generator_settings":{"template":"highway","default_image_id":0,"font":"","enabled":false},"version":2}},"categories":[2050],"tags":[],"class_list":["post-58744","post","type-post","status-publish","format-standard","has-post-thumbnail","hentry","category-economia"],"jetpack_publicize_connections":[],"jetpack_featured_media_url":"https:\/\/i0.wp.com\/politicosaldesnudo.com.mx\/wp-content\/uploads\/2025\/03\/VW.jpg?fit=696%2C479&ssl=1","jetpack-related-posts":[],"jetpack_sharing_enabled":true,"_links":{"self":[{"href":"https:\/\/politicosaldesnudo.com.mx\/index.php\/wp-json\/wp\/v2\/posts\/58744","targetHints":{"allow":["GET"]}}],"collection":[{"href":"https:\/\/politicosaldesnudo.com.mx\/index.php\/wp-json\/wp\/v2\/posts"}],"about":[{"href":"https:\/\/politicosaldesnudo.com.mx\/index.php\/wp-json\/wp\/v2\/types\/post"}],"author":[{"embeddable":true,"href":"https:\/\/politicosaldesnudo.com.mx\/index.php\/wp-json\/wp\/v2\/users\/4"}],"replies":[{"embeddable":true,"href":"https:\/\/politicosaldesnudo.com.mx\/index.php\/wp-json\/wp\/v2\/comments?post=58744"}],"version-history":[{"count":0,"href":"https:\/\/politicosaldesnudo.com.mx\/index.php\/wp-json\/wp\/v2\/posts\/58744\/revisions"}],"wp:featuredmedia":[{"embeddable":true,"href":"https:\/\/politicosaldesnudo.com.mx\/index.php\/wp-json\/wp\/v2\/media\/58745"}],"wp:attachment":[{"href":"https:\/\/politicosaldesnudo.com.mx\/index.php\/wp-json\/wp\/v2\/media?parent=58744"}],"wp:term":[{"taxonomy":"category","embeddable":true,"href":"https:\/\/politicosaldesnudo.com.mx\/index.php\/wp-json\/wp\/v2\/categories?post=58744"},{"taxonomy":"post_tag","embeddable":true,"href":"https:\/\/politicosaldesnudo.com.mx\/index.php\/wp-json\/wp\/v2\/tags?post=58744"}],"curies":[{"name":"wp","href":"https:\/\/api.w.org\/{rel}","templated":true}]}}