{"id":58762,"date":"2025-03-14T00:17:16","date_gmt":"2025-03-14T06:17:16","guid":{"rendered":"https:\/\/politicosaldesnudo.com.mx\/?p=58762"},"modified":"2025-03-13T22:48:13","modified_gmt":"2025-03-14T04:48:13","slug":"ministra-de-argentina-justifica-represion-contra-de-un-intento-de-golpe-de-estado","status":"publish","type":"post","link":"https:\/\/politicosaldesnudo.com.mx\/index.php\/2025\/03\/14\/ministra-de-argentina-justifica-represion-contra-de-un-intento-de-golpe-de-estado\/","title":{"rendered":"Ministra de Argentina justifica represi\u00f3n contra de un &#8216;intento de golpe de estado&#8217;"},"content":{"rendered":"<p>\u201cFuera Bullrich\u201d \u201cFuera Bullrich\u201d era el grito repetido durante el\u00a0<i>camarazo<\/i>\u00a0que protagonizaron fot\u00f3grafos y camar\u00f3grafos que enarbolaban sus c\u00e1maras en alto frente al Congreso, en solidaridad con el joven colega Pablo Grillo, herido el mi\u00e9rcoles cuando cubr\u00eda la protesta semanal de jubilados con una bala de gas en la cabeza, que dispararon polic\u00edas con escopetas y que fueron prohibidas aqu\u00ed, as\u00ed como en otros lugares del mundo.<\/p>\n<p>La ministra de Seguridad, Patricia Bullrich reivindic\u00f3 lo actuado por las cinco fuerzas bajo su mando en la movilizaci\u00f3n y asegur\u00f3 que se trat\u00f3 de \u201cun intento de golpe de Estado\u201d; se\u00f1al\u00f3 que la marcha fue \u201corganizada por\u00a0<i>patotas<\/i>\u00a0(bandas), barras bravas (como se conoce a los hinchas del futbol argentino) y agrupaciones de izquierda violentas que buscan la desestabilizaci\u00f3n de nuestro gobierno\u201d, y acus\u00f3 a los detenidos de \u201ctener antecedentes\u201d.<\/p>\n<p>Intent\u00f3 justificar que no le dispararon a la cabeza a Grillo y sugiri\u00f3 que puso ser golpeado por un hierro suelto, a pesar de que peritos documentaron que fue un balazo directo a la cabeza.<\/p>\n<p>Pero lo m\u00e1s grave en el discurso del gobierno del presidente ultraderechista Javier Milei fue el ataque jueza Karina Andrade, que orden\u00f3 la liberaci\u00f3n de 114 detenidos, y la denunciar\u00e1 a ante el Consejo de la Magistratura por \u201cposible incumplimiento de funciones\u201d.<\/p>\n<p>Entre los detenidos hab\u00eda muchos cazados literalmente en las calles, incluidos dos ni\u00f1os de 12 y 14 a\u00f1os que sal\u00edan de su escuela. Durante la cacer\u00eda se conocieron mensajes brutales de diputados de la gobernante La Libertad Avanza algunos de los cuales ped\u00edan pr\u00e1cticamente disparar hasta \u201cexterminar\u201d a los manifestantes.<\/p>\n<p>Andrade determin\u00f3 en su fallo: \u201ccuando se informaban detenciones, la informaci\u00f3n era imprecisa- no se sab\u00eda a qu\u00e9 hora ni en qu\u00e9 lugar se hab\u00edan producido las aprehensiones\u201d no sab\u00eda por qu\u00e9 delito fue detenida cada persona, ni se precis\u00f3 en qu\u00e9 lugar ser\u00edan recluidos.<\/p>\n<p>\u201cAdvert\u00ed, como adelant\u00e9 al resolver, que se encontraban en juego derechos constitucionales fundamentales como son el derecho a la protesta, a manifestarse en democracia, a peticionar ante las autoridades, a la libertad de expresi\u00f3n, entre otros\u201d, escribi\u00f3 la magistrada.<\/p>\n<p>El vocero presidencial, Manuel Adorni, cuestion\u00f3 a la jueza y asever\u00f3 que \u201clos que militan la impunidad en cada fallo tambi\u00e9n son c\u00f3mplices\u00bb, y el minsitro de Justicia, Mariano C\u00faneo Libarona, indic\u00f3 el Consejo de la Magistratura analizar\u00e1 un \u201cposible incumplimiento de sus funciones\u00bb.<\/p>\n<p>Bullrich, entre otras falsas acusaciones, dijo que pedir\u00e1 a Migraciones la expulsi\u00f3n \u201cinmediata\u201d de un mexicano y una peruana detenidos durante la represi\u00f3n; trascendi\u00f3 que el mexicano s\u00f3lo pasaba por el lugar.<\/p>\n<p>Tras la feroz represi\u00f3n, comenzaron cacerolazos espont\u00e1neos y marchas a la Plaza de Mayo, donde miles permanecieron hasta las dos de la ma\u00f1ana de este jueves. Esto, m\u00e1s la respuesta solidaria ante el fuerte temporal en Bah\u00eda Blanca demuestra que se perdi\u00f3 el miedo y despert\u00f3 el viejo esp\u00edritu de la solidaridad popular que siempre tuvo esta poblaci\u00f3n.<\/p>\n<p>La marcha fue convocada en apoyo de los jubilados por los hinchas de f\u00fatbol inspirados en los Clubes de Barrios que quiere desaparecer Milei, y decidieron acompa\u00f1ar a los ancianos, golpeados y gaseados todos los mi\u00e9rcoles por las fuerzas de seguridad mucho m\u00e1s numerosas que los manifestantes.<\/p>\n<p>El respaldo fue masivo porque se unieron sindicatos y organizaciones sociales, que fueron impedidas de llegar al Congreso ante las tres filas de distintas fuerzas de seguridad fuertemente armadas. Todos los videos que van surgiendo desmienten a Bullrich.<\/p>\n<p>Asimismo se denunci\u00f3 la actividad de los grandes medios como\u00a0<i>Clar\u00edn<\/i>,\u00a0<i>La Naci\u00f3n<\/i>\u00a0y otros criminalizando a las v\u00edctimas al reproducir el discurso oficial y mostrando incluso videos de otras marchas, como si fueran actuales. La Comisi\u00f3n de Delegados Internos de\u00a0<i>Clar\u00edn<\/i>\u00a0se rechaz\u00f3 las portadas y notas del medio.<\/p>\n","protected":false},"excerpt":{"rendered":"<p>\u201cFuera Bullrich\u201d \u201cFuera Bullrich\u201d era el grito repetido durante el\u00a0camarazo\u00a0que protagonizaron fot\u00f3grafos y camar\u00f3grafos que enarbolaban sus c\u00e1maras en alto<\/p>\n","protected":false},"author":4,"featured_media":58763,"comment_status":"closed","ping_status":"closed","sticky":false,"template":"","format":"standard","meta":{"colormag_page_container_layout":"default_layout","colormag_page_sidebar_layout":"default_layout","_jetpack_memberships_contains_paid_content":false,"footnotes":"","jetpack_publicize_message":"","jetpack_publicize_feature_enabled":true,"jetpack_social_post_already_shared":false,"jetpack_social_options":{"image_generator_settings":{"template":"highway","default_image_id":0,"font":"","enabled":false},"version":2}},"categories":[28],"tags":[],"class_list":["post-58762","post","type-post","status-publish","format-standard","has-post-thumbnail","hentry","category-internacional"],"jetpack_publicize_connections":[],"jetpack_featured_media_url":"https:\/\/i0.wp.com\/politicosaldesnudo.com.mx\/wp-content\/uploads\/2025\/03\/AR-2.jpg?fit=594%2C419&ssl=1","jetpack-related-posts":[],"jetpack_sharing_enabled":true,"_links":{"self":[{"href":"https:\/\/politicosaldesnudo.com.mx\/index.php\/wp-json\/wp\/v2\/posts\/58762","targetHints":{"allow":["GET"]}}],"collection":[{"href":"https:\/\/politicosaldesnudo.com.mx\/index.php\/wp-json\/wp\/v2\/posts"}],"about":[{"href":"https:\/\/politicosaldesnudo.com.mx\/index.php\/wp-json\/wp\/v2\/types\/post"}],"author":[{"embeddable":true,"href":"https:\/\/politicosaldesnudo.com.mx\/index.php\/wp-json\/wp\/v2\/users\/4"}],"replies":[{"embeddable":true,"href":"https:\/\/politicosaldesnudo.com.mx\/index.php\/wp-json\/wp\/v2\/comments?post=58762"}],"version-history":[{"count":0,"href":"https:\/\/politicosaldesnudo.com.mx\/index.php\/wp-json\/wp\/v2\/posts\/58762\/revisions"}],"wp:featuredmedia":[{"embeddable":true,"href":"https:\/\/politicosaldesnudo.com.mx\/index.php\/wp-json\/wp\/v2\/media\/58763"}],"wp:attachment":[{"href":"https:\/\/politicosaldesnudo.com.mx\/index.php\/wp-json\/wp\/v2\/media?parent=58762"}],"wp:term":[{"taxonomy":"category","embeddable":true,"href":"https:\/\/politicosaldesnudo.com.mx\/index.php\/wp-json\/wp\/v2\/categories?post=58762"},{"taxonomy":"post_tag","embeddable":true,"href":"https:\/\/politicosaldesnudo.com.mx\/index.php\/wp-json\/wp\/v2\/tags?post=58762"}],"curies":[{"name":"wp","href":"https:\/\/api.w.org\/{rel}","templated":true}]}}