{"id":58765,"date":"2025-03-14T00:18:04","date_gmt":"2025-03-14T06:18:04","guid":{"rendered":"https:\/\/politicosaldesnudo.com.mx\/?p=58765"},"modified":"2025-03-13T22:50:36","modified_gmt":"2025-03-14T04:50:36","slug":"cidh-condena-a-ecuador-por-violar-derechos-de-indigenas-que-viven-aislados","status":"publish","type":"post","link":"https:\/\/politicosaldesnudo.com.mx\/index.php\/2025\/03\/14\/cidh-condena-a-ecuador-por-violar-derechos-de-indigenas-que-viven-aislados\/","title":{"rendered":"CIDH condena a Ecuador por violar derechos de ind\u00edgenas que viven aislados"},"content":{"rendered":"<p>La Corte Interamericana de Derechos Humanos conden\u00f3 este jueves a Ecuador por violar numerosos derechos de pueblos ind\u00edgenas de la Amazon\u00eda que viven en aislamiento voluntario y enfrentan amenazas por actividades petroleras.<\/p>\n<p>Esta es la primera vez que el tribunal continental se pronuncia sobre los derechos de ind\u00edgenas que viven en aislamiento, al dictar su fallo en el \u00abcaso de los pueblos tagaeri y taromenane vs. Ecuador\u00bb.<\/p>\n<p>En su sentencia, la Corte IDH \u00abdeclar\u00f3 la responsabilidad internacional del Estado de Ecuador por la violaci\u00f3n a los derechos a la propiedad colectiva, a la libre determinaci\u00f3n, a una vida digna, a la salud, a la alimentaci\u00f3n, a la identidad cultural\u00bb de estos pueblos, entre otros.<\/p>\n<p>El tribunal con sede en San Jos\u00e9, capital de Costa Rica, dictamin\u00f3 que \u00abel principio de no contacto y el respeto a su elecci\u00f3n de permanecer en aislamiento deben ser las premisas fundamentales para guiar el an\u00e1lisis de las acciones estatales\u00bb.<\/p>\n<p>Estos pueblos n\u00f3madas se mueven a lo largo de la reserva del Yasun\u00ed, ubicada en las provincias amaz\u00f3nicas de Pastaza y Orellana, fronterizas con Per\u00fa, donde se han instalado varios campos petroleros.<\/p>\n<p>Uno de estos campos, conocido como el bloque ITT, se ha convertido en un s\u00edmbolo de lucha contra la explotaci\u00f3n petrolera. Una consulta popular en 2023 decidi\u00f3 que debe suspender sus operaciones, pero las autoridades han dicho que eso tomar\u00e1 tiempo.<\/p>\n","protected":false},"excerpt":{"rendered":"<p>La Corte Interamericana de Derechos Humanos conden\u00f3 este jueves a Ecuador por violar numerosos derechos de pueblos ind\u00edgenas de la<\/p>\n","protected":false},"author":4,"featured_media":58766,"comment_status":"closed","ping_status":"closed","sticky":false,"template":"","format":"standard","meta":{"colormag_page_container_layout":"default_layout","colormag_page_sidebar_layout":"default_layout","_jetpack_memberships_contains_paid_content":false,"footnotes":"","jetpack_publicize_message":"","jetpack_publicize_feature_enabled":true,"jetpack_social_post_already_shared":false,"jetpack_social_options":{"image_generator_settings":{"template":"highway","default_image_id":0,"font":"","enabled":false},"version":2}},"categories":[28],"tags":[],"class_list":["post-58765","post","type-post","status-publish","format-standard","has-post-thumbnail","hentry","category-internacional"],"jetpack_publicize_connections":[],"jetpack_featured_media_url":"https:\/\/i0.wp.com\/politicosaldesnudo.com.mx\/wp-content\/uploads\/2025\/03\/EC-1.jpg?fit=682%2C453&ssl=1","jetpack-related-posts":[],"jetpack_sharing_enabled":true,"_links":{"self":[{"href":"https:\/\/politicosaldesnudo.com.mx\/index.php\/wp-json\/wp\/v2\/posts\/58765","targetHints":{"allow":["GET"]}}],"collection":[{"href":"https:\/\/politicosaldesnudo.com.mx\/index.php\/wp-json\/wp\/v2\/posts"}],"about":[{"href":"https:\/\/politicosaldesnudo.com.mx\/index.php\/wp-json\/wp\/v2\/types\/post"}],"author":[{"embeddable":true,"href":"https:\/\/politicosaldesnudo.com.mx\/index.php\/wp-json\/wp\/v2\/users\/4"}],"replies":[{"embeddable":true,"href":"https:\/\/politicosaldesnudo.com.mx\/index.php\/wp-json\/wp\/v2\/comments?post=58765"}],"version-history":[{"count":0,"href":"https:\/\/politicosaldesnudo.com.mx\/index.php\/wp-json\/wp\/v2\/posts\/58765\/revisions"}],"wp:featuredmedia":[{"embeddable":true,"href":"https:\/\/politicosaldesnudo.com.mx\/index.php\/wp-json\/wp\/v2\/media\/58766"}],"wp:attachment":[{"href":"https:\/\/politicosaldesnudo.com.mx\/index.php\/wp-json\/wp\/v2\/media?parent=58765"}],"wp:term":[{"taxonomy":"category","embeddable":true,"href":"https:\/\/politicosaldesnudo.com.mx\/index.php\/wp-json\/wp\/v2\/categories?post=58765"},{"taxonomy":"post_tag","embeddable":true,"href":"https:\/\/politicosaldesnudo.com.mx\/index.php\/wp-json\/wp\/v2\/tags?post=58765"}],"curies":[{"name":"wp","href":"https:\/\/api.w.org\/{rel}","templated":true}]}}