{"id":58793,"date":"2025-03-15T00:01:14","date_gmt":"2025-03-15T06:01:14","guid":{"rendered":"https:\/\/politicosaldesnudo.com.mx\/?p=58793"},"modified":"2025-03-14T23:51:37","modified_gmt":"2025-03-15T05:51:37","slug":"ola-de-calor-azota-la-ciudad","status":"publish","type":"post","link":"https:\/\/politicosaldesnudo.com.mx\/index.php\/2025\/03\/15\/ola-de-calor-azota-la-ciudad\/","title":{"rendered":"Ola de calor azota la ciudad"},"content":{"rendered":"<p>La jefa de Hidrometeorolog\u00eda de la Comisi\u00f3n Nacional del Agua (Conagua), Jessica Iveth Luna, inform\u00f3 que, durante el periodo comprendido del 1 al 13 de marzo, varias regiones del estado de Veracruz experimentaron temperaturas extremas que superaron los 40 grados Celsius. Entre las zonas m\u00e1s afectadas se encuentran las cuencas del P\u00e1nuco, Actopan y Tuxpan.<\/p>\n<p>En Tuxpan, el intenso calor ha llevado a turistas y ciudadanos a buscar alivio en las playas locales, donde el mar y la brisa se han convertido en aliados para sobrellevar las altas temperaturas. Familias completas, deportistas y comerciantes han aprovechado estos d\u00edas soleados para disfrutar del clima, aunque las autoridades han recomendado mantenerse hidratados y evitar la exposici\u00f3n prolongada al sol para prevenir golpes de calor y otros problemas de salud.<\/p>\n<p>Adem\u00e1s, la Conagua ha instado a la poblaci\u00f3n a tomar precauciones adicionales, como el uso de protector solar y ropa ligera, as\u00ed como a cuidar a los sectores m\u00e1s vulnerables, como ni\u00f1os y adultos mayores.<\/p>\n<p>Las autoridades locales y los servicios de emergencia se mantienen en alerta para atender cualquier eventualidad derivada de esta ola de calor, que, seg\u00fan los expertos, podr\u00eda prolongarse en los pr\u00f3ximos d\u00edas debido a condiciones atmosf\u00e9ricas propias de la temporada.<\/p>\n<p>Mientras tanto, los negocios tur\u00edsticos y restauranteros de Tuxpan han visto un incremento en la afluencia de visitantes, lo que representa un respiro econ\u00f3mico para el sector, tras la temporada invernal que est\u00e1 a punto de concluir.<\/p>\n","protected":false},"excerpt":{"rendered":"<p>La jefa de Hidrometeorolog\u00eda de la Comisi\u00f3n Nacional del Agua (Conagua), Jessica Iveth Luna, inform\u00f3 que, durante el periodo comprendido<\/p>\n","protected":false},"author":4,"featured_media":58794,"comment_status":"closed","ping_status":"closed","sticky":false,"template":"","format":"standard","meta":{"colormag_page_container_layout":"default_layout","colormag_page_sidebar_layout":"default_layout","_jetpack_memberships_contains_paid_content":false,"footnotes":"","jetpack_publicize_message":"","jetpack_publicize_feature_enabled":true,"jetpack_social_post_already_shared":false,"jetpack_social_options":{"image_generator_settings":{"template":"highway","default_image_id":0,"font":"","enabled":false},"version":2}},"categories":[1082],"tags":[],"class_list":["post-58793","post","type-post","status-publish","format-standard","has-post-thumbnail","hentry","category-tuxpan"],"jetpack_publicize_connections":[],"jetpack_featured_media_url":"https:\/\/i0.wp.com\/politicosaldesnudo.com.mx\/wp-content\/uploads\/2025\/03\/3a-3.jpg?fit=1600%2C738&ssl=1","jetpack-related-posts":[],"jetpack_sharing_enabled":true,"_links":{"self":[{"href":"https:\/\/politicosaldesnudo.com.mx\/index.php\/wp-json\/wp\/v2\/posts\/58793","targetHints":{"allow":["GET"]}}],"collection":[{"href":"https:\/\/politicosaldesnudo.com.mx\/index.php\/wp-json\/wp\/v2\/posts"}],"about":[{"href":"https:\/\/politicosaldesnudo.com.mx\/index.php\/wp-json\/wp\/v2\/types\/post"}],"author":[{"embeddable":true,"href":"https:\/\/politicosaldesnudo.com.mx\/index.php\/wp-json\/wp\/v2\/users\/4"}],"replies":[{"embeddable":true,"href":"https:\/\/politicosaldesnudo.com.mx\/index.php\/wp-json\/wp\/v2\/comments?post=58793"}],"version-history":[{"count":0,"href":"https:\/\/politicosaldesnudo.com.mx\/index.php\/wp-json\/wp\/v2\/posts\/58793\/revisions"}],"wp:featuredmedia":[{"embeddable":true,"href":"https:\/\/politicosaldesnudo.com.mx\/index.php\/wp-json\/wp\/v2\/media\/58794"}],"wp:attachment":[{"href":"https:\/\/politicosaldesnudo.com.mx\/index.php\/wp-json\/wp\/v2\/media?parent=58793"}],"wp:term":[{"taxonomy":"category","embeddable":true,"href":"https:\/\/politicosaldesnudo.com.mx\/index.php\/wp-json\/wp\/v2\/categories?post=58793"},{"taxonomy":"post_tag","embeddable":true,"href":"https:\/\/politicosaldesnudo.com.mx\/index.php\/wp-json\/wp\/v2\/tags?post=58793"}],"curies":[{"name":"wp","href":"https:\/\/api.w.org\/{rel}","templated":true}]}}