{"id":58799,"date":"2025-03-15T00:03:37","date_gmt":"2025-03-15T06:03:37","guid":{"rendered":"https:\/\/politicosaldesnudo.com.mx\/?p=58799"},"modified":"2025-03-14T23:54:35","modified_gmt":"2025-03-15T05:54:35","slug":"esperan-beneficios-con-cumbre-tajin","status":"publish","type":"post","link":"https:\/\/politicosaldesnudo.com.mx\/index.php\/2025\/03\/15\/esperan-beneficios-con-cumbre-tajin\/","title":{"rendered":"Esperan beneficios con Cumbre Taj\u00edn"},"content":{"rendered":"<p>Con la llegada de la edici\u00f3n 2025 de la Cumbre Taj\u00edn, que se celebrar\u00e1 del 19 al 23 de marzo, los prestadores de servicios tur\u00edsticos de Tuxpan se muestran optimistas ante la posibilidad de captar una parte de la derrama econ\u00f3mica que genera este importante evento cultural.<\/p>\n<p>Aunque Papantla y Poza Rica son los principales puntos de hospedaje para los asistentes, la alta demanda ha llevado a los visitantes a buscar alternativas en municipios cercanos, como Tuxpan y la regi\u00f3n de Costa Esmeralda. Hoteles, restaurantes y otros negocios locales esperan un aumento en la ocupaci\u00f3n y consumo durante estos d\u00edas, lo que representa una gran oportunidad para fortalecer la econom\u00eda local.<\/p>\n<p>Adem\u00e1s de los conciertos y talleres, la Cumbre Taj\u00edn ofrece una experiencia cultural \u00fanica que atrae a turistas nacionales e internacionales, quienes podr\u00edan optar por hospedarse en Tuxpan debido a su cercan\u00eda y la calidad de sus servicios.<\/p>\n<p>Empresarios y comerciantes locales han manifestado su entusiasmo y se preparan para recibir a los visitantes con ofertas y promociones especiales, con la esperanza de que este evento fortalezca el turismo en la zona y promueva futuras visitas a la ciudad.<\/p>\n","protected":false},"excerpt":{"rendered":"<p>Con la llegada de la edici\u00f3n 2025 de la Cumbre Taj\u00edn, que se celebrar\u00e1 del 19 al 23 de marzo,<\/p>\n","protected":false},"author":4,"featured_media":58800,"comment_status":"closed","ping_status":"closed","sticky":false,"template":"","format":"standard","meta":{"colormag_page_container_layout":"default_layout","colormag_page_sidebar_layout":"default_layout","_jetpack_memberships_contains_paid_content":false,"footnotes":"","jetpack_publicize_message":"","jetpack_publicize_feature_enabled":true,"jetpack_social_post_already_shared":false,"jetpack_social_options":{"image_generator_settings":{"template":"highway","default_image_id":0,"font":"","enabled":false},"version":2}},"categories":[1082],"tags":[],"class_list":["post-58799","post","type-post","status-publish","format-standard","has-post-thumbnail","hentry","category-tuxpan"],"jetpack_publicize_connections":[],"jetpack_featured_media_url":"https:\/\/i0.wp.com\/politicosaldesnudo.com.mx\/wp-content\/uploads\/2025\/03\/c3aa5488-8456-4b99-b744-37fd9d92e1f8.jpg?fit=1080%2C1091&ssl=1","jetpack-related-posts":[],"jetpack_sharing_enabled":true,"_links":{"self":[{"href":"https:\/\/politicosaldesnudo.com.mx\/index.php\/wp-json\/wp\/v2\/posts\/58799","targetHints":{"allow":["GET"]}}],"collection":[{"href":"https:\/\/politicosaldesnudo.com.mx\/index.php\/wp-json\/wp\/v2\/posts"}],"about":[{"href":"https:\/\/politicosaldesnudo.com.mx\/index.php\/wp-json\/wp\/v2\/types\/post"}],"author":[{"embeddable":true,"href":"https:\/\/politicosaldesnudo.com.mx\/index.php\/wp-json\/wp\/v2\/users\/4"}],"replies":[{"embeddable":true,"href":"https:\/\/politicosaldesnudo.com.mx\/index.php\/wp-json\/wp\/v2\/comments?post=58799"}],"version-history":[{"count":0,"href":"https:\/\/politicosaldesnudo.com.mx\/index.php\/wp-json\/wp\/v2\/posts\/58799\/revisions"}],"wp:featuredmedia":[{"embeddable":true,"href":"https:\/\/politicosaldesnudo.com.mx\/index.php\/wp-json\/wp\/v2\/media\/58800"}],"wp:attachment":[{"href":"https:\/\/politicosaldesnudo.com.mx\/index.php\/wp-json\/wp\/v2\/media?parent=58799"}],"wp:term":[{"taxonomy":"category","embeddable":true,"href":"https:\/\/politicosaldesnudo.com.mx\/index.php\/wp-json\/wp\/v2\/categories?post=58799"},{"taxonomy":"post_tag","embeddable":true,"href":"https:\/\/politicosaldesnudo.com.mx\/index.php\/wp-json\/wp\/v2\/tags?post=58799"}],"curies":[{"name":"wp","href":"https:\/\/api.w.org\/{rel}","templated":true}]}}