{"id":58832,"date":"2025-03-15T00:33:01","date_gmt":"2025-03-15T06:33:01","guid":{"rendered":"https:\/\/politicosaldesnudo.com.mx\/?p=58832"},"modified":"2025-03-15T00:33:01","modified_gmt":"2025-03-15T06:33:01","slug":"ordena-semarnat-regular-residuos-de-granjas-porcicolas-en-yucatan","status":"publish","type":"post","link":"https:\/\/politicosaldesnudo.com.mx\/index.php\/2025\/03\/15\/ordena-semarnat-regular-residuos-de-granjas-porcicolas-en-yucatan\/","title":{"rendered":"Ordena Semarnat regular residuos de granjas porc\u00edcolas en Yucat\u00e1n"},"content":{"rendered":"<p>La titular de la Secretar\u00eda del Medio Ambiente y Recursos Naturales (Semarnat), Alicia B\u00e1rcena, formaliz\u00f3 el compromiso de crear un corredor que proteja el ciclo hidrol\u00f3gico de las aguas subterr\u00e1neas de toda la Pen\u00ednsula de Yucat\u00e1n ante el funcionamiento de granjas porc\u00edcolas que amenazan con da\u00f1ar irreversiblemente el ecosistema natural de los cenotes, como son conocidos popularmente en los \u00e1mbitos nacional e internacional.<\/p>\n<p>En el marco de la firma del Convenio Marco de Desarrollo Forestal y del Convenio de Coordinaci\u00f3n ante el Impacto de Granjas Porc\u00edcolas, la funcionaria federal coment\u00f3 el tema de las granjas porc\u00edcolas, sin dejar de reconocer que \u201ces una actividad productiva important\u00edsima\u201d ya que la carne de porcinos es de los principales productos que Yucat\u00e1n exporta a mercados for\u00e1neos desde el puerto de Progreso.<\/p>\n<p>\u201cPor otro lado, tampoco podemos comprometer la vida de las personas y de las comunidades. Y hay comunidades que est\u00e1n altamente preocupadas como Santa Mar\u00eda Chi, en el municipio maya de Ixil\u201d, destac\u00f3.<\/p>\n<p>Agreg\u00f3 que visitar\u00e1 Ixil para que los habitantes de Santa Mar\u00eda Chi narren sus problemas con las granjas porc\u00edcolas. A\u00f1adi\u00f3 que junto con la Secretar\u00eda de Agricultura y Desarrollo Rural y la Procuradur\u00eda Agraria, entre otras dependencias, se proceder\u00e1 a dar atenci\u00f3n a la problem\u00e1tica.<\/p>\n<p>B\u00e1rcena dijo que es necesario un censo de las granjas. \u201c\u00bfD\u00f3nde est\u00e1n? \u00bfCu\u00e1ntas son? \u00bfCu\u00e1l es la problem\u00e1tica de las granjas porc\u00edcolas?\u201d, se pregunt\u00f3.<\/p>\n<p>\u201cEste es un lugar donde no hay monta\u00f1as, donde no hay r\u00edos. Hay r\u00edos subterr\u00e1neos. Es el \u00fanico lugar hermoso que tiene cenotes. R\u00edos subterr\u00e1neos que nosotros, con la ayuda de la Comisi\u00f3n Nacional de \u00c1reas Naturales Protegidas, queremos crear un corredor que proteja las aguas subterr\u00e1neas y el ciclo hidrol\u00f3gico de las mismas en toda la Pen\u00ednsula de Yucat\u00e1n\u201d, precis\u00f3.<\/p>\n","protected":false},"excerpt":{"rendered":"<p>La titular de la Secretar\u00eda del Medio Ambiente y Recursos Naturales (Semarnat), Alicia B\u00e1rcena, formaliz\u00f3 el compromiso de crear un<\/p>\n","protected":false},"author":4,"featured_media":58833,"comment_status":"closed","ping_status":"closed","sticky":false,"template":"","format":"standard","meta":{"colormag_page_container_layout":"default_layout","colormag_page_sidebar_layout":"default_layout","_jetpack_memberships_contains_paid_content":false,"footnotes":"","jetpack_publicize_message":"","jetpack_publicize_feature_enabled":true,"jetpack_social_post_already_shared":false,"jetpack_social_options":{"image_generator_settings":{"template":"highway","default_image_id":0,"font":"","enabled":false},"version":2}},"categories":[30],"tags":[],"class_list":["post-58832","post","type-post","status-publish","format-standard","has-post-thumbnail","hentry","category-estados"],"jetpack_publicize_connections":[],"jetpack_featured_media_url":"https:\/\/i0.wp.com\/politicosaldesnudo.com.mx\/wp-content\/uploads\/2025\/03\/SEMAR.jpg?fit=723%2C431&ssl=1","jetpack-related-posts":[],"jetpack_sharing_enabled":true,"_links":{"self":[{"href":"https:\/\/politicosaldesnudo.com.mx\/index.php\/wp-json\/wp\/v2\/posts\/58832","targetHints":{"allow":["GET"]}}],"collection":[{"href":"https:\/\/politicosaldesnudo.com.mx\/index.php\/wp-json\/wp\/v2\/posts"}],"about":[{"href":"https:\/\/politicosaldesnudo.com.mx\/index.php\/wp-json\/wp\/v2\/types\/post"}],"author":[{"embeddable":true,"href":"https:\/\/politicosaldesnudo.com.mx\/index.php\/wp-json\/wp\/v2\/users\/4"}],"replies":[{"embeddable":true,"href":"https:\/\/politicosaldesnudo.com.mx\/index.php\/wp-json\/wp\/v2\/comments?post=58832"}],"version-history":[{"count":0,"href":"https:\/\/politicosaldesnudo.com.mx\/index.php\/wp-json\/wp\/v2\/posts\/58832\/revisions"}],"wp:featuredmedia":[{"embeddable":true,"href":"https:\/\/politicosaldesnudo.com.mx\/index.php\/wp-json\/wp\/v2\/media\/58833"}],"wp:attachment":[{"href":"https:\/\/politicosaldesnudo.com.mx\/index.php\/wp-json\/wp\/v2\/media?parent=58832"}],"wp:term":[{"taxonomy":"category","embeddable":true,"href":"https:\/\/politicosaldesnudo.com.mx\/index.php\/wp-json\/wp\/v2\/categories?post=58832"},{"taxonomy":"post_tag","embeddable":true,"href":"https:\/\/politicosaldesnudo.com.mx\/index.php\/wp-json\/wp\/v2\/tags?post=58832"}],"curies":[{"name":"wp","href":"https:\/\/api.w.org\/{rel}","templated":true}]}}