{"id":58871,"date":"2025-03-17T00:02:52","date_gmt":"2025-03-17T06:02:52","guid":{"rendered":"https:\/\/politicosaldesnudo.com.mx\/?p=58871"},"modified":"2025-03-16T20:27:38","modified_gmt":"2025-03-17T02:27:38","slug":"regularizaran-precios-de-palapas","status":"publish","type":"post","link":"https:\/\/politicosaldesnudo.com.mx\/index.php\/2025\/03\/17\/regularizaran-precios-de-palapas\/","title":{"rendered":"Regularizar\u00e1n precios de palapas"},"content":{"rendered":"<p>Con el objetivo de garantizar una experiencia vacacional placentera para los turistas, los prestadores de servicios de la zona de playa han anunciado la regularizaci\u00f3n de los precios de las palapas para evitar abusos.<\/p>\n<p>La medida busca establecer tarifas justas y transparentes, que oscilar\u00e1n entre los 300 y 500 pesos aproximadamente, evitando as\u00ed cobros excesivos que puedan afectar la econom\u00eda de los visitantes.<\/p>\n<p>\u00abQueremos que los turistas se sientan bienvenidos y disfruten de nuestras hermosas playas sin preocupaciones, por eso estamos buscando la regularizaci\u00f3n de precios como un paso importante para asegurar que tengan una estancia agradable y quieran regresar\u00bb, coment\u00f3 el l\u00edder de los comerciantes Antonio R\u00edos.<\/p>\n<p>Se espera que la medida entre en vigor antes del inicio de la pr\u00f3xima temporada vacacional, e invit\u00f3 a los turistas a denunciar cualquier abuso o cobro indebido.<\/p>\n<p>Dijo que lo importante ser\u00e1 que los turistas podr\u00e1n conocer de antemano el costo de las palapas, evitando sorpresas desagradables, para que puedan disfrutar al m\u00e1ximo de sus vacaciones en las playas de Tuxpan.<\/p>\n<p>Recomend\u00f3 informarse sobre los precios oficiales de las palapas antes de rentarlas y denunciar cualquier abuso o cobro indebido ante las autoridades competentes, puesto que, con esta medida, Tuxpan busca seguirse consolidando como un destino tur\u00edstico atractivo y accesible para todos los visitantes.<\/p>\n","protected":false},"excerpt":{"rendered":"<p>Con el objetivo de garantizar una experiencia vacacional placentera para los turistas, los prestadores de servicios de la zona de<\/p>\n","protected":false},"author":4,"featured_media":58872,"comment_status":"closed","ping_status":"closed","sticky":false,"template":"","format":"standard","meta":{"colormag_page_container_layout":"default_layout","colormag_page_sidebar_layout":"default_layout","_jetpack_memberships_contains_paid_content":false,"footnotes":"","jetpack_publicize_message":"","jetpack_publicize_feature_enabled":true,"jetpack_social_post_already_shared":false,"jetpack_social_options":{"image_generator_settings":{"template":"highway","default_image_id":0,"font":"","enabled":false},"version":2}},"categories":[1082],"tags":[],"class_list":["post-58871","post","type-post","status-publish","format-standard","has-post-thumbnail","hentry","category-tuxpan"],"jetpack_publicize_connections":[],"jetpack_featured_media_url":"https:\/\/i0.wp.com\/politicosaldesnudo.com.mx\/wp-content\/uploads\/2025\/03\/4c-6.jpg?fit=1600%2C725&ssl=1","jetpack-related-posts":[],"jetpack_sharing_enabled":true,"_links":{"self":[{"href":"https:\/\/politicosaldesnudo.com.mx\/index.php\/wp-json\/wp\/v2\/posts\/58871","targetHints":{"allow":["GET"]}}],"collection":[{"href":"https:\/\/politicosaldesnudo.com.mx\/index.php\/wp-json\/wp\/v2\/posts"}],"about":[{"href":"https:\/\/politicosaldesnudo.com.mx\/index.php\/wp-json\/wp\/v2\/types\/post"}],"author":[{"embeddable":true,"href":"https:\/\/politicosaldesnudo.com.mx\/index.php\/wp-json\/wp\/v2\/users\/4"}],"replies":[{"embeddable":true,"href":"https:\/\/politicosaldesnudo.com.mx\/index.php\/wp-json\/wp\/v2\/comments?post=58871"}],"version-history":[{"count":0,"href":"https:\/\/politicosaldesnudo.com.mx\/index.php\/wp-json\/wp\/v2\/posts\/58871\/revisions"}],"wp:featuredmedia":[{"embeddable":true,"href":"https:\/\/politicosaldesnudo.com.mx\/index.php\/wp-json\/wp\/v2\/media\/58872"}],"wp:attachment":[{"href":"https:\/\/politicosaldesnudo.com.mx\/index.php\/wp-json\/wp\/v2\/media?parent=58871"}],"wp:term":[{"taxonomy":"category","embeddable":true,"href":"https:\/\/politicosaldesnudo.com.mx\/index.php\/wp-json\/wp\/v2\/categories?post=58871"},{"taxonomy":"post_tag","embeddable":true,"href":"https:\/\/politicosaldesnudo.com.mx\/index.php\/wp-json\/wp\/v2\/tags?post=58871"}],"curies":[{"name":"wp","href":"https:\/\/api.w.org\/{rel}","templated":true}]}}