{"id":58954,"date":"2025-03-18T00:01:26","date_gmt":"2025-03-18T06:01:26","guid":{"rendered":"https:\/\/politicosaldesnudo.com.mx\/?p=58954"},"modified":"2025-03-17T22:04:48","modified_gmt":"2025-03-18T04:04:48","slug":"mercado-solidario-podria-ser-rodante","status":"publish","type":"post","link":"https:\/\/politicosaldesnudo.com.mx\/index.php\/2025\/03\/18\/mercado-solidario-podria-ser-rodante\/","title":{"rendered":"Mercado Solidario podr\u00eda ser rodante"},"content":{"rendered":"<p>Luego del gran \u00e9xito del Mercado Solidario en este municipio, las autoridades tienen como objetivo expandir su alcance y convertirlo en un mercado rodante que llegue a diversas colonias del municipio.<\/p>\n<p>Actualmente, el mercado se lleva a cabo cada 15 d\u00edas los domingos en la Plaza C\u00edvica del centro de la ciudad, donde decenas de productores de las comunidades locales ofrecen sus productos y comidas, mejorando sus ingresos y la econom\u00eda familiar.<\/p>\n<p>Seg\u00fan el edil Axel Bernal, uno de los principales impulsores de esta actividad, el objetivo es que el mercado rodante llegue a m\u00e1s colonias del municipio, lo que permitir\u00eda mayores beneficios para los productores locales. Adem\u00e1s, se espera que esta actividad trascienda la actual administraci\u00f3n municipal y que las futuras administraciones la apoyen sin politizar, con el \u00fanico fin de apoyar a los productores locales del campo.<\/p>\n<p>La iniciativa del Mercado Solidario ha demostrado ser un \u00e9xito en la Plaza C\u00edvica, y se espera que su expansi\u00f3n a otras colonias del municipio tenga un impacto positivo en la econom\u00eda local.<\/p>\n<p>Los productores locales han visto mejorar sus ingresos y la econom\u00eda familiar gracias a esta actividad, y se espera que m\u00e1s personas se beneficien de ella en el futuro.<\/p>\n<p>Es importante destacar que el Mercado Solidario es una iniciativa que busca apoyar a los productores locales del campo, y su \u00e9xito depende de la colaboraci\u00f3n y el apoyo de la comunidad. La expansi\u00f3n del mercado rodante a otras colonias del municipio es un paso importante para alcanzar este objetivo y beneficiar a m\u00e1s personas.<\/p>\n","protected":false},"excerpt":{"rendered":"<p>Luego del gran \u00e9xito del Mercado Solidario en este municipio, las autoridades tienen como objetivo expandir su alcance y convertirlo<\/p>\n","protected":false},"author":4,"featured_media":58955,"comment_status":"closed","ping_status":"closed","sticky":false,"template":"","format":"standard","meta":{"colormag_page_container_layout":"default_layout","colormag_page_sidebar_layout":"default_layout","_jetpack_memberships_contains_paid_content":false,"footnotes":"","jetpack_publicize_message":"","jetpack_publicize_feature_enabled":true,"jetpack_social_post_already_shared":false,"jetpack_social_options":{"image_generator_settings":{"template":"highway","default_image_id":0,"font":"","enabled":false},"version":2}},"categories":[1082],"tags":[],"class_list":["post-58954","post","type-post","status-publish","format-standard","has-post-thumbnail","hentry","category-tuxpan"],"jetpack_publicize_connections":[],"jetpack_featured_media_url":"https:\/\/i0.wp.com\/politicosaldesnudo.com.mx\/wp-content\/uploads\/2025\/03\/3a2.jpg?fit=1080%2C527&ssl=1","jetpack-related-posts":[],"jetpack_sharing_enabled":true,"_links":{"self":[{"href":"https:\/\/politicosaldesnudo.com.mx\/index.php\/wp-json\/wp\/v2\/posts\/58954","targetHints":{"allow":["GET"]}}],"collection":[{"href":"https:\/\/politicosaldesnudo.com.mx\/index.php\/wp-json\/wp\/v2\/posts"}],"about":[{"href":"https:\/\/politicosaldesnudo.com.mx\/index.php\/wp-json\/wp\/v2\/types\/post"}],"author":[{"embeddable":true,"href":"https:\/\/politicosaldesnudo.com.mx\/index.php\/wp-json\/wp\/v2\/users\/4"}],"replies":[{"embeddable":true,"href":"https:\/\/politicosaldesnudo.com.mx\/index.php\/wp-json\/wp\/v2\/comments?post=58954"}],"version-history":[{"count":0,"href":"https:\/\/politicosaldesnudo.com.mx\/index.php\/wp-json\/wp\/v2\/posts\/58954\/revisions"}],"wp:featuredmedia":[{"embeddable":true,"href":"https:\/\/politicosaldesnudo.com.mx\/index.php\/wp-json\/wp\/v2\/media\/58955"}],"wp:attachment":[{"href":"https:\/\/politicosaldesnudo.com.mx\/index.php\/wp-json\/wp\/v2\/media?parent=58954"}],"wp:term":[{"taxonomy":"category","embeddable":true,"href":"https:\/\/politicosaldesnudo.com.mx\/index.php\/wp-json\/wp\/v2\/categories?post=58954"},{"taxonomy":"post_tag","embeddable":true,"href":"https:\/\/politicosaldesnudo.com.mx\/index.php\/wp-json\/wp\/v2\/tags?post=58954"}],"curies":[{"name":"wp","href":"https:\/\/api.w.org\/{rel}","templated":true}]}}