{"id":58960,"date":"2025-03-18T00:03:16","date_gmt":"2025-03-18T06:03:16","guid":{"rendered":"https:\/\/politicosaldesnudo.com.mx\/?p=58960"},"modified":"2025-03-17T22:06:58","modified_gmt":"2025-03-18T04:06:58","slug":"realizan-operativo-de-transporte-publico","status":"publish","type":"post","link":"https:\/\/politicosaldesnudo.com.mx\/index.php\/2025\/03\/18\/realizan-operativo-de-transporte-publico\/","title":{"rendered":"Realizan operativo de Transporte P\u00fablico"},"content":{"rendered":"<p>La delegaci\u00f3n de Transporte P\u00fablico en Tuxpan llev\u00f3 a cabo un operativo de revisi\u00f3n de documentaci\u00f3n a los transportistas, con el objetivo de garantizar que cumplan con los requisitos necesarios para operar de manera legal.<\/p>\n<p>Durante el operativo, se verific\u00f3 que los conductores contaran con su tarjeta de circulaci\u00f3n, licencia de conducir, p\u00f3liza de seguro y empadronamiento. Sin embargo, varios taxistas fueron sorprendidos sin la documentaci\u00f3n requerida.<\/p>\n<p>A quienes incumplieron con la normativa, se les emiti\u00f3 un comprobante de multa administrativa y se les exhort\u00f3 a regularizar su situaci\u00f3n. Adem\u00e1s, los veh\u00edculos fueron trasladados en gr\u00faa al corral\u00f3n, donde permanecer\u00e1n hasta que los concesionarios presenten la documentaci\u00f3n correspondiente para continuar brindando el servicio.<\/p>\n<p>Estas acciones forman parte de un operativo integral que se est\u00e1 implementando en todos los municipios de la regi\u00f3n norte de la entidad, con la participaci\u00f3n de elementos de Transporte P\u00fablico, Tr\u00e1nsito Municipal y la Polic\u00eda Municipal.<\/p>\n<p>El objetivo de estos operativos es garantizar la seguridad de los usuarios y regularizar el transporte p\u00fablico en la regi\u00f3n.<\/p>\n","protected":false},"excerpt":{"rendered":"<p>La delegaci\u00f3n de Transporte P\u00fablico en Tuxpan llev\u00f3 a cabo un operativo de revisi\u00f3n de documentaci\u00f3n a los transportistas, con<\/p>\n","protected":false},"author":4,"featured_media":58961,"comment_status":"closed","ping_status":"closed","sticky":false,"template":"","format":"standard","meta":{"colormag_page_container_layout":"default_layout","colormag_page_sidebar_layout":"default_layout","_jetpack_memberships_contains_paid_content":false,"footnotes":"","jetpack_publicize_message":"","jetpack_publicize_feature_enabled":true,"jetpack_social_post_already_shared":false,"jetpack_social_options":{"image_generator_settings":{"template":"highway","default_image_id":0,"font":"","enabled":false},"version":2}},"categories":[1082],"tags":[],"class_list":["post-58960","post","type-post","status-publish","format-standard","has-post-thumbnail","hentry","category-tuxpan"],"jetpack_publicize_connections":[],"jetpack_featured_media_url":"https:\/\/i0.wp.com\/politicosaldesnudo.com.mx\/wp-content\/uploads\/2025\/03\/4b-4.jpg?fit=1600%2C1237&ssl=1","jetpack-related-posts":[],"jetpack_sharing_enabled":true,"_links":{"self":[{"href":"https:\/\/politicosaldesnudo.com.mx\/index.php\/wp-json\/wp\/v2\/posts\/58960","targetHints":{"allow":["GET"]}}],"collection":[{"href":"https:\/\/politicosaldesnudo.com.mx\/index.php\/wp-json\/wp\/v2\/posts"}],"about":[{"href":"https:\/\/politicosaldesnudo.com.mx\/index.php\/wp-json\/wp\/v2\/types\/post"}],"author":[{"embeddable":true,"href":"https:\/\/politicosaldesnudo.com.mx\/index.php\/wp-json\/wp\/v2\/users\/4"}],"replies":[{"embeddable":true,"href":"https:\/\/politicosaldesnudo.com.mx\/index.php\/wp-json\/wp\/v2\/comments?post=58960"}],"version-history":[{"count":0,"href":"https:\/\/politicosaldesnudo.com.mx\/index.php\/wp-json\/wp\/v2\/posts\/58960\/revisions"}],"wp:featuredmedia":[{"embeddable":true,"href":"https:\/\/politicosaldesnudo.com.mx\/index.php\/wp-json\/wp\/v2\/media\/58961"}],"wp:attachment":[{"href":"https:\/\/politicosaldesnudo.com.mx\/index.php\/wp-json\/wp\/v2\/media?parent=58960"}],"wp:term":[{"taxonomy":"category","embeddable":true,"href":"https:\/\/politicosaldesnudo.com.mx\/index.php\/wp-json\/wp\/v2\/categories?post=58960"},{"taxonomy":"post_tag","embeddable":true,"href":"https:\/\/politicosaldesnudo.com.mx\/index.php\/wp-json\/wp\/v2\/tags?post=58960"}],"curies":[{"name":"wp","href":"https:\/\/api.w.org\/{rel}","templated":true}]}}