{"id":58969,"date":"2025-03-18T00:06:29","date_gmt":"2025-03-18T06:06:29","guid":{"rendered":"https:\/\/politicosaldesnudo.com.mx\/?p=58969"},"modified":"2025-03-17T22:25:56","modified_gmt":"2025-03-18T04:25:56","slug":"ramirez-cuellar-propone-eliminar-fuero-a-legisladores-y-gobernadores","status":"publish","type":"post","link":"https:\/\/politicosaldesnudo.com.mx\/index.php\/2025\/03\/18\/ramirez-cuellar-propone-eliminar-fuero-a-legisladores-y-gobernadores\/","title":{"rendered":"Ram\u00edrez Cu\u00e9llar propone eliminar fuero a legisladores y gobernadores"},"content":{"rendered":"<p class=\"nota-justify\">Al considerar que el fuero se ha convertido en \u201cuna protecci\u00f3n injustificada, de privilegio excesivo y una v\u00eda para actos de arbitrariedad que provocan enojo social\u201d, el vicecoordinador de Morena en la C\u00e1mara de Diputados, Alfonso Ram\u00edrez Cu\u00e9llar, propuso una iniciativa de reforma a la Constituci\u00f3n para eliminar la inmunidad constitucional a diputados federales, senadores y gobernadores.<\/p>\n<p class=\"nota-justify\">\u201cYa no es necesario que exista esta figura, que solo provoca impunidad\u201d, dijo en conferencia de prensa, en la v\u00edspera de que la Secci\u00f3n Instructora sesione para decidir si da entrada a tr\u00e1mite el expediente de desafuero de Cuauht\u00e9moc Blanco Bravo (Morena), a quien la Fiscal\u00eda General del Estado de Morelos investiga por el presunto intento de violaci\u00f3n de su media hermana.<\/p>\n<p class=\"nota-justify\">En conferencia de prensa, Ram\u00edrez Cu\u00e9llar incluso exhort\u00f3 a Cuauht\u00e9moc Blanco y al dirigente nacional del Partido Revolucionario Institucional (PRI), Alejandro Moreno C\u00e1rdenas -acusado por la Fiscal\u00eda de Campeche de presunto enriquecimiento il\u00edcito-, a que se presenten de manera directa y voluntaria ante el Ministerio P\u00fablico.<\/p>\n<p class=\"nota-justify\">\u00abTenemos dos casos que est\u00e1n en la Secci\u00f3n Instructora, el del presidente del PRI y el de Cuauht\u00e9moc Blanco. No se les puede acusar de absolutamente nada, pero de manera voluntaria debieran renunciar al juicio de procedencia y comparecer ante el Ministerio P\u00fablico, ante las autoridades que los est\u00e1n requiriendo. La renuncia voluntaria al juicio de procedencia ser\u00eda un ejemplo, un paso muy importante para caminar en una justicia de igualdad para todos\u201d, dijo el legislador.<\/p>\n<p class=\"nota-justify\">Explic\u00f3 que su iniciativa -que se entrega el mi\u00e9rcoles en el pleno- busca dejar a salvo la protecci\u00f3n constitucional que se otorga a los legisladores en el ejercicio de su actividad, esto es en sus opiniones y en sus participaciones en la tribuna, as\u00ed como a la inviolabilidad de los recintos parlamentarios.<\/p>\n<p class=\"nota-justify\">Detall\u00f3 que en el art\u00edculo 61 constitucional se propone reforzar las atribuciones de los presidentes de las mesas directivas del Congreso, para proteger a los legisladores de cualquier agresi\u00f3n en torno a su opini\u00f3n pol\u00edtica, su voto en el parlamento y su actividad legislativa.<\/p>\n<p class=\"nota-justify\">\u201cEsta inmunidad se ver\u00e1 reforzada, pero lo que no se puede tolerar es que, frente a denuncias de distinto tipo, prevalezca la impunidad. En la pasada legislatura ampliamos el cat\u00e1logo de delitos por el que el presidente podr\u00eda ser juzgado, ya no solo por traici\u00f3n a la patria, sino tambi\u00e9n por corrupci\u00f3n y delitos electorales. Esto es un ejemplo para todos\u201d,\u00a0 indic\u00f3.<\/p>\n<p class=\"nota-justify\">En 2020, el Congreso aprob\u00f3 una reforma para acotar el fuero presidencial y se inclu\u00eda retiro de la inmunidad de los legisladores, pero la C\u00e1mara de Diputados la suprimi\u00f3 de la minuta, al argumentar que el cambio solo derivar\u00eda en impunidad.<\/p>\n<p class=\"nota-justify\">Ahora, dijo Ram\u00edrez Cu\u00e9llar, Morena y sus aliados cuentan con los votos suficientes para dar un paso hacia la modernidad pol\u00edtica y suprimir el fuero constitucional para legisladores federales, locales y gobernadores.<\/p>\n<p class=\"nota-justify\">Evalu\u00f3 que ahora la mayor\u00eda legislativa est\u00e1 en mejores condiciones de votar esta reforma. Tenemos m\u00e1s que una mayor\u00eda que puede permitir avanzar en estos cambios y, junto con la renovaci\u00f3n de la mitad del Poder Judicial, ser\u00eda muy bueno que los legisladores y gobernadores eximidos de cualquier protecci\u00f3n indebida. Ya no faltar\u00edan votos, y as\u00ed como suprimimos la reelecci\u00f3n y castigamos el nepotismo, tambi\u00e9n eliminemos el privilegio que da el fuero, el trato especial debe ser erradicado y suprimido de manera inmediata\u201d.<\/p>\n<p class=\"nota-justify\">Explic\u00f3 que ha comenzado a cabildear la propuesta tanto en su bancada como en otras fuerzas pol\u00edticas y aclar\u00f3 que, aun cuando mencion\u00f3 los dos casos que est\u00e1n pendientes en la Secci\u00f3n Instructora, la reforma \u201cno tiene destinatario espec\u00edfico. Lo que Alito y Cuauht\u00e9moc podr\u00edan hacer, lo m\u00e1s saludable es que digan \u2018yo declino seguir este procedimiento y me voy directamente al MP, las acusaciones son falsas y tengo los elementos para defenderme\u2019\u201d.<\/p>\n<p class=\"nota-justify\">-\u00bfTendr\u00edan que solicitar licencia? -se le pregunt\u00f3.<br \/>\n-No necesitan pedir licencia, simplemente pueden ahorrarle el trabajo a la Secci\u00f3n Instructora y acudir de manera directa ante el MP; hablar\u00eda muy bien de ellos, engrandecer\u00eda a las personas a que renuncien de cualquier protecci\u00f3n. No es posible mantener esta protecci\u00f3n porque genera impunidad, es un abuso permanente y los pol\u00edticos se convierten en el hazmerre\u00edr de la ciudadan\u00eda afectada.<\/p>\n<p class=\"nota-justify\">\u201cQue se apruebe la reforma en este periodo de sesiones nos llevar\u00eda a tener una rep\u00fablica que erradica cualquier veh\u00edculo que genere impunidad\u201d.<\/p>\n","protected":false},"excerpt":{"rendered":"<p>Al considerar que el fuero se ha convertido en \u201cuna protecci\u00f3n injustificada, de privilegio excesivo y una v\u00eda para actos<\/p>\n","protected":false},"author":4,"featured_media":58970,"comment_status":"closed","ping_status":"closed","sticky":false,"template":"","format":"standard","meta":{"colormag_page_container_layout":"default_layout","colormag_page_sidebar_layout":"default_layout","_jetpack_memberships_contains_paid_content":false,"footnotes":"","jetpack_publicize_message":"","jetpack_publicize_feature_enabled":true,"jetpack_social_post_already_shared":false,"jetpack_social_options":{"image_generator_settings":{"template":"highway","default_image_id":0,"font":"","enabled":false},"version":2}},"categories":[33],"tags":[],"class_list":["post-58969","post","type-post","status-publish","format-standard","has-post-thumbnail","hentry","category-nacional"],"jetpack_publicize_connections":[],"jetpack_featured_media_url":"https:\/\/i0.wp.com\/politicosaldesnudo.com.mx\/wp-content\/uploads\/2025\/03\/fuero-alfonso-ramirez-cuellar-scaled-1.jpeg?fit=2000%2C1332&ssl=1","jetpack-related-posts":[],"jetpack_sharing_enabled":true,"_links":{"self":[{"href":"https:\/\/politicosaldesnudo.com.mx\/index.php\/wp-json\/wp\/v2\/posts\/58969","targetHints":{"allow":["GET"]}}],"collection":[{"href":"https:\/\/politicosaldesnudo.com.mx\/index.php\/wp-json\/wp\/v2\/posts"}],"about":[{"href":"https:\/\/politicosaldesnudo.com.mx\/index.php\/wp-json\/wp\/v2\/types\/post"}],"author":[{"embeddable":true,"href":"https:\/\/politicosaldesnudo.com.mx\/index.php\/wp-json\/wp\/v2\/users\/4"}],"replies":[{"embeddable":true,"href":"https:\/\/politicosaldesnudo.com.mx\/index.php\/wp-json\/wp\/v2\/comments?post=58969"}],"version-history":[{"count":0,"href":"https:\/\/politicosaldesnudo.com.mx\/index.php\/wp-json\/wp\/v2\/posts\/58969\/revisions"}],"wp:featuredmedia":[{"embeddable":true,"href":"https:\/\/politicosaldesnudo.com.mx\/index.php\/wp-json\/wp\/v2\/media\/58970"}],"wp:attachment":[{"href":"https:\/\/politicosaldesnudo.com.mx\/index.php\/wp-json\/wp\/v2\/media?parent=58969"}],"wp:term":[{"taxonomy":"category","embeddable":true,"href":"https:\/\/politicosaldesnudo.com.mx\/index.php\/wp-json\/wp\/v2\/categories?post=58969"},{"taxonomy":"post_tag","embeddable":true,"href":"https:\/\/politicosaldesnudo.com.mx\/index.php\/wp-json\/wp\/v2\/tags?post=58969"}],"curies":[{"name":"wp","href":"https:\/\/api.w.org\/{rel}","templated":true}]}}