{"id":59016,"date":"2025-03-18T23:52:39","date_gmt":"2025-03-19T05:52:39","guid":{"rendered":"https:\/\/politicosaldesnudo.com.mx\/?p=59016"},"modified":"2025-03-18T23:52:39","modified_gmt":"2025-03-19T05:52:39","slug":"salvador-hernandez-garcia-fue-ratificado-por-el-cabildo-como-cronista-de-la-ciudad-de-tuxpan","status":"publish","type":"post","link":"https:\/\/politicosaldesnudo.com.mx\/index.php\/2025\/03\/18\/salvador-hernandez-garcia-fue-ratificado-por-el-cabildo-como-cronista-de-la-ciudad-de-tuxpan\/","title":{"rendered":"Salvador Hern\u00e1ndez Garc\u00eda fue ratificado por el cabildo como Cronista de la Ciudad de Tuxpan"},"content":{"rendered":"<p>\u2022 En sesi\u00f3n de cabildo se tom\u00f3 protesta al nuevo agente municipal de Aire Libre, Abad Gallardo Cruz<\/p>\n<p>Tuxpan, Ver., 18 de marzo de 2025.- En sesi\u00f3n extraordinaria de cabildo, este martes se ratific\u00f3 el nombramiento como Cronista de la Ciudad al Sr. Salvador Hern\u00e1ndez Garc\u00eda.<\/p>\n<p><img data-recalc-dims=\"1\" loading=\"lazy\" decoding=\"async\" class=\"aligncenter size-large wp-image-59020\" src=\"https:\/\/i0.wp.com\/politicosaldesnudo.com.mx\/wp-content\/uploads\/2025\/03\/WhatsApp-Image-2025-03-18-at-16.10.10-1024x681.jpeg?resize=800%2C532&#038;ssl=1\" alt=\"\" width=\"800\" height=\"532\" srcset=\"https:\/\/i0.wp.com\/politicosaldesnudo.com.mx\/wp-content\/uploads\/2025\/03\/WhatsApp-Image-2025-03-18-at-16.10.10.jpeg?resize=1024%2C681&amp;ssl=1 1024w, https:\/\/i0.wp.com\/politicosaldesnudo.com.mx\/wp-content\/uploads\/2025\/03\/WhatsApp-Image-2025-03-18-at-16.10.10.jpeg?resize=300%2C200&amp;ssl=1 300w, https:\/\/i0.wp.com\/politicosaldesnudo.com.mx\/wp-content\/uploads\/2025\/03\/WhatsApp-Image-2025-03-18-at-16.10.10.jpeg?resize=768%2C511&amp;ssl=1 768w, https:\/\/i0.wp.com\/politicosaldesnudo.com.mx\/wp-content\/uploads\/2025\/03\/WhatsApp-Image-2025-03-18-at-16.10.10.jpeg?resize=1536%2C1021&amp;ssl=1 1536w, https:\/\/i0.wp.com\/politicosaldesnudo.com.mx\/wp-content\/uploads\/2025\/03\/WhatsApp-Image-2025-03-18-at-16.10.10.jpeg?w=1600&amp;ssl=1 1600w\" sizes=\"auto, (max-width: 800px) 100vw, 800px\" \/><\/p>\n<p>De la misma manera, y como un reconocimiento a su trabajo en favor de la promoci\u00f3n y preservaci\u00f3n hist\u00f3rica de Tuxpan, se aprob\u00f3 que una sala del Museo de la Hermandad M\u00e9xico-Cuba lleve su nombre.<\/p>\n<p><img data-recalc-dims=\"1\" loading=\"lazy\" decoding=\"async\" class=\"aligncenter size-large wp-image-59019\" src=\"https:\/\/i0.wp.com\/politicosaldesnudo.com.mx\/wp-content\/uploads\/2025\/03\/WhatsApp-Image-2025-03-18-at-16.10.10-2-1024x674.jpeg?resize=800%2C527&#038;ssl=1\" alt=\"\" width=\"800\" height=\"527\" srcset=\"https:\/\/i0.wp.com\/politicosaldesnudo.com.mx\/wp-content\/uploads\/2025\/03\/WhatsApp-Image-2025-03-18-at-16.10.10-2.jpeg?resize=1024%2C674&amp;ssl=1 1024w, https:\/\/i0.wp.com\/politicosaldesnudo.com.mx\/wp-content\/uploads\/2025\/03\/WhatsApp-Image-2025-03-18-at-16.10.10-2.jpeg?resize=300%2C197&amp;ssl=1 300w, https:\/\/i0.wp.com\/politicosaldesnudo.com.mx\/wp-content\/uploads\/2025\/03\/WhatsApp-Image-2025-03-18-at-16.10.10-2.jpeg?resize=768%2C505&amp;ssl=1 768w, https:\/\/i0.wp.com\/politicosaldesnudo.com.mx\/wp-content\/uploads\/2025\/03\/WhatsApp-Image-2025-03-18-at-16.10.10-2.jpeg?resize=1536%2C1011&amp;ssl=1 1536w, https:\/\/i0.wp.com\/politicosaldesnudo.com.mx\/wp-content\/uploads\/2025\/03\/WhatsApp-Image-2025-03-18-at-16.10.10-2.jpeg?w=1600&amp;ssl=1 1600w\" sizes=\"auto, (max-width: 800px) 100vw, 800px\" \/><\/p>\n<p>Dicha sala mantendr\u00e1 una exposici\u00f3n permanente del cronista, acerca de los sucesos acontecidos a lo largo de los a\u00f1os en nuestro municipio.<\/p>\n<p>En una segunda sesi\u00f3n extraordinaria de cabildo se tom\u00f3 protesta a Abad Gallardo Cruz, como agente municipal de la comunidad de Aire Libre (Kil\u00f3metro 15).<\/p>\n<p><img data-recalc-dims=\"1\" loading=\"lazy\" decoding=\"async\" class=\"aligncenter size-large wp-image-59018\" src=\"https:\/\/i0.wp.com\/politicosaldesnudo.com.mx\/wp-content\/uploads\/2025\/03\/WhatsApp-Image-2025-03-18-at-16.10.10-1-1024x681.jpeg?resize=800%2C532&#038;ssl=1\" alt=\"\" width=\"800\" height=\"532\" srcset=\"https:\/\/i0.wp.com\/politicosaldesnudo.com.mx\/wp-content\/uploads\/2025\/03\/WhatsApp-Image-2025-03-18-at-16.10.10-1.jpeg?resize=1024%2C681&amp;ssl=1 1024w, https:\/\/i0.wp.com\/politicosaldesnudo.com.mx\/wp-content\/uploads\/2025\/03\/WhatsApp-Image-2025-03-18-at-16.10.10-1.jpeg?resize=300%2C200&amp;ssl=1 300w, https:\/\/i0.wp.com\/politicosaldesnudo.com.mx\/wp-content\/uploads\/2025\/03\/WhatsApp-Image-2025-03-18-at-16.10.10-1.jpeg?resize=768%2C511&amp;ssl=1 768w, https:\/\/i0.wp.com\/politicosaldesnudo.com.mx\/wp-content\/uploads\/2025\/03\/WhatsApp-Image-2025-03-18-at-16.10.10-1.jpeg?resize=1536%2C1021&amp;ssl=1 1536w, https:\/\/i0.wp.com\/politicosaldesnudo.com.mx\/wp-content\/uploads\/2025\/03\/WhatsApp-Image-2025-03-18-at-16.10.10-1.jpeg?w=1600&amp;ssl=1 1600w\" sizes=\"auto, (max-width: 800px) 100vw, 800px\" \/><\/p>\n<p>En estas sesiones participaron el alcalde Dr. Jes\u00fas Fomperoza Torres; la s\u00edndica \u00fanica Mtra. Beatriz Pi\u00f1a Vergara; las regidoras y los regidores Amado Guti\u00e9rrez Lima, Mar\u00eda del Pilar Mart\u00ednez Matesanz, Maryanela Monroy Flores, Anah\u00ed Aguilar L\u00f3pez, Juan G\u00f3mez Garc\u00eda, Lucero Res\u00e9ndis Ambrocio, Luis Demetrio L\u00f3pez Mar\u00edn, Axel Bernal Herrera y Luciano Folgueras Pioli; y el secretario del Ayuntamiento Lic. Jos\u00e9 Armando Huesca Ovando.<\/p>\n","protected":false},"excerpt":{"rendered":"<p>\u2022 En sesi\u00f3n de cabildo se tom\u00f3 protesta al nuevo agente municipal de Aire Libre, Abad Gallardo Cruz Tuxpan, Ver.,<\/p>\n","protected":false},"author":4,"featured_media":59017,"comment_status":"closed","ping_status":"closed","sticky":false,"template":"","format":"standard","meta":{"colormag_page_container_layout":"default_layout","colormag_page_sidebar_layout":"default_layout","_jetpack_memberships_contains_paid_content":false,"footnotes":"","jetpack_publicize_message":"","jetpack_publicize_feature_enabled":true,"jetpack_social_post_already_shared":false,"jetpack_social_options":{"image_generator_settings":{"template":"highway","default_image_id":0,"font":"","enabled":false},"version":2}},"categories":[3205,1082],"tags":[],"class_list":["post-59016","post","type-post","status-publish","format-standard","has-post-thumbnail","hentry","category-gobierno-tuxpan","category-tuxpan"],"jetpack_publicize_connections":[],"jetpack_featured_media_url":"https:\/\/i0.wp.com\/politicosaldesnudo.com.mx\/wp-content\/uploads\/2025\/03\/WhatsApp-Image-2025-03-18-at-16.10.09.jpeg?fit=1600%2C1064&ssl=1","jetpack-related-posts":[],"jetpack_sharing_enabled":true,"_links":{"self":[{"href":"https:\/\/politicosaldesnudo.com.mx\/index.php\/wp-json\/wp\/v2\/posts\/59016","targetHints":{"allow":["GET"]}}],"collection":[{"href":"https:\/\/politicosaldesnudo.com.mx\/index.php\/wp-json\/wp\/v2\/posts"}],"about":[{"href":"https:\/\/politicosaldesnudo.com.mx\/index.php\/wp-json\/wp\/v2\/types\/post"}],"author":[{"embeddable":true,"href":"https:\/\/politicosaldesnudo.com.mx\/index.php\/wp-json\/wp\/v2\/users\/4"}],"replies":[{"embeddable":true,"href":"https:\/\/politicosaldesnudo.com.mx\/index.php\/wp-json\/wp\/v2\/comments?post=59016"}],"version-history":[{"count":0,"href":"https:\/\/politicosaldesnudo.com.mx\/index.php\/wp-json\/wp\/v2\/posts\/59016\/revisions"}],"wp:featuredmedia":[{"embeddable":true,"href":"https:\/\/politicosaldesnudo.com.mx\/index.php\/wp-json\/wp\/v2\/media\/59017"}],"wp:attachment":[{"href":"https:\/\/politicosaldesnudo.com.mx\/index.php\/wp-json\/wp\/v2\/media?parent=59016"}],"wp:term":[{"taxonomy":"category","embeddable":true,"href":"https:\/\/politicosaldesnudo.com.mx\/index.php\/wp-json\/wp\/v2\/categories?post=59016"},{"taxonomy":"post_tag","embeddable":true,"href":"https:\/\/politicosaldesnudo.com.mx\/index.php\/wp-json\/wp\/v2\/tags?post=59016"}],"curies":[{"name":"wp","href":"https:\/\/api.w.org\/{rel}","templated":true}]}}