{"id":59025,"date":"2025-03-19T00:26:20","date_gmt":"2025-03-19T06:26:20","guid":{"rendered":"https:\/\/politicosaldesnudo.com.mx\/?p=59025"},"modified":"2025-03-19T00:26:20","modified_gmt":"2025-03-19T06:26:20","slug":"39-batallon-cumple-el-sueno-de-un-pequeno","status":"publish","type":"post","link":"https:\/\/politicosaldesnudo.com.mx\/index.php\/2025\/03\/19\/39-batallon-cumple-el-sueno-de-un-pequeno\/","title":{"rendered":"39 batall\u00f3n, cumple el sue\u00f1o de un peque\u00f1o"},"content":{"rendered":"<p>Este 18 de Marzo del 2025 el 39\/o Batall\u00f3n de infanter\u00eda, abri\u00f3 sus puertas al peque\u00f1o Dylan de Jes\u00fas Acosta Cruz, convirti\u00e9ndolo en \u00abSoldado por un D\u00eda\u00bb en una emotiva ceremonia que llen\u00f3 de alegr\u00eda y patriotismo a los presentes.<\/p>\n<p>En un d\u00eda memorable, Dylan acompa\u00f1ado de sus seres queridos, fue recibido con honores en las instalaciones del batall\u00f3n, como un miembro honorario del Ej\u00e9rcito Mexicano.<\/p>\n<p>La ceremonia incluy\u00f3 honores a la bandera, la lectura de una orden extraordinaria en su honor y la entrega de una placa, reconocimiento y obsequio por parte del batall\u00f3n.<\/p>\n<p>Dylan, visiblemente emocionado, particip\u00f3 en la lista, escuch\u00f3 con atenci\u00f3n el exhorto del batall\u00f3n, dirigido por el Mayor de infanter\u00eda Albardo Gonzales Romo, Exclamando mucho fervor la totalidad del personal la siguiente frase 39\/o Batall\u00f3n de Infanter\u00eda, Adiestramiento Moral y Disciplina.<\/p>\n<p>\u00abSu sonrisa y entusiasmo nos recuerdan la importancia de nuestro trabajo y el compromiso que tenemos con la sociedad\u00bb.<\/p>\n<p>Despu\u00e9s de la ceremonia, el peque\u00f1o y sus seres queridos disfrutaron de un desayuno y realizaron un recorrido por las instalaciones del batall\u00f3n, donde a trav\u00e9s de diversos m\u00f3dulos conocieron de cerca el equipo y material utilizado por los soldados.<\/p>\n","protected":false},"excerpt":{"rendered":"<p>Este 18 de Marzo del 2025 el 39\/o Batall\u00f3n de infanter\u00eda, abri\u00f3 sus puertas al peque\u00f1o Dylan de Jes\u00fas Acosta<\/p>\n","protected":false},"author":4,"featured_media":59026,"comment_status":"closed","ping_status":"closed","sticky":false,"template":"","format":"standard","meta":{"colormag_page_container_layout":"default_layout","colormag_page_sidebar_layout":"default_layout","_jetpack_memberships_contains_paid_content":false,"footnotes":"","jetpack_publicize_message":"","jetpack_publicize_feature_enabled":true,"jetpack_social_post_already_shared":false,"jetpack_social_options":{"image_generator_settings":{"template":"highway","default_image_id":0,"font":"","enabled":false},"version":2}},"categories":[1082],"tags":[],"class_list":["post-59025","post","type-post","status-publish","format-standard","has-post-thumbnail","hentry","category-tuxpan"],"jetpack_publicize_connections":[],"jetpack_featured_media_url":"https:\/\/i0.wp.com\/politicosaldesnudo.com.mx\/wp-content\/uploads\/2025\/03\/3c-5.jpg?fit=1280%2C960&ssl=1","jetpack-related-posts":[],"jetpack_sharing_enabled":true,"_links":{"self":[{"href":"https:\/\/politicosaldesnudo.com.mx\/index.php\/wp-json\/wp\/v2\/posts\/59025","targetHints":{"allow":["GET"]}}],"collection":[{"href":"https:\/\/politicosaldesnudo.com.mx\/index.php\/wp-json\/wp\/v2\/posts"}],"about":[{"href":"https:\/\/politicosaldesnudo.com.mx\/index.php\/wp-json\/wp\/v2\/types\/post"}],"author":[{"embeddable":true,"href":"https:\/\/politicosaldesnudo.com.mx\/index.php\/wp-json\/wp\/v2\/users\/4"}],"replies":[{"embeddable":true,"href":"https:\/\/politicosaldesnudo.com.mx\/index.php\/wp-json\/wp\/v2\/comments?post=59025"}],"version-history":[{"count":0,"href":"https:\/\/politicosaldesnudo.com.mx\/index.php\/wp-json\/wp\/v2\/posts\/59025\/revisions"}],"wp:featuredmedia":[{"embeddable":true,"href":"https:\/\/politicosaldesnudo.com.mx\/index.php\/wp-json\/wp\/v2\/media\/59026"}],"wp:attachment":[{"href":"https:\/\/politicosaldesnudo.com.mx\/index.php\/wp-json\/wp\/v2\/media?parent=59025"}],"wp:term":[{"taxonomy":"category","embeddable":true,"href":"https:\/\/politicosaldesnudo.com.mx\/index.php\/wp-json\/wp\/v2\/categories?post=59025"},{"taxonomy":"post_tag","embeddable":true,"href":"https:\/\/politicosaldesnudo.com.mx\/index.php\/wp-json\/wp\/v2\/tags?post=59025"}],"curies":[{"name":"wp","href":"https:\/\/api.w.org\/{rel}","templated":true}]}}