{"id":59028,"date":"2025-03-19T00:27:45","date_gmt":"2025-03-19T06:27:45","guid":{"rendered":"https:\/\/politicosaldesnudo.com.mx\/?p=59028"},"modified":"2025-03-19T00:27:45","modified_gmt":"2025-03-19T06:27:45","slug":"stprm-conmemora-la-expropiacion-petrolera","status":"publish","type":"post","link":"https:\/\/politicosaldesnudo.com.mx\/index.php\/2025\/03\/19\/stprm-conmemora-la-expropiacion-petrolera\/","title":{"rendered":"STPRM conmemora la Expropiaci\u00f3n Petrolera"},"content":{"rendered":"<p>Este martes, la Secci\u00f3n 51 del Sindicato de Trabajadores Petroleros de la Rep\u00fablica Mexicana (STPRM) llev\u00f3 a cabo un acto conmemorativo por el 87 aniversario de la Expropiaci\u00f3n Petrolera, evento que tuvo lugar en el Sal\u00f3n Faja de Oro, dentro de las instalaciones del sindicato.<\/p>\n<p>La ceremonia inici\u00f3 con los honores correspondientes, en reconocimiento a la importancia hist\u00f3rica de este d\u00eda para la industria petrolera nacional y sus trabajadores. Posteriormente, se realiz\u00f3 una remembranza sobre la creaci\u00f3n del sindicato, destacando su papel fundamental en la defensa de los derechos laborales y el crecimiento de Petr\u00f3leos Mexicanos (Pemex) a lo largo de los a\u00f1os.<\/p>\n<p>En su intervenci\u00f3n, Roy Abraham, superintendente de la terminal mar\u00edtima de Tuxpan, dirigi\u00f3 un mensaje a los trabajadores, resaltando la importancia de su labor para el correcto funcionamiento de la industria y el desarrollo del sector energ\u00e9tico en la regi\u00f3n.<\/p>\n<p>Finalmente, Juan Pablo Osorio Espinoza, secretario del Interior y Acuerdos, tom\u00f3 la palabra para ofrecer un mensaje emotivo a los presentes. En su discurso, subray\u00f3 que Pemex y la terminal mar\u00edtima no ser\u00edan lo que son hoy sin el esfuerzo y dedicaci\u00f3n de los trabajadores, destacando la importancia de mantener el compromiso y la unidad dentro del gremio.<\/p>\n<p>El evento reafirm\u00f3 el papel clave que juegan los trabajadores petroleros en la soberan\u00eda energ\u00e9tica del pa\u00eds y la necesidad de continuar fortaleciendo la labor sindical para el bienestar de la comunidad petrolera.<\/p>\n","protected":false},"excerpt":{"rendered":"<p>Este martes, la Secci\u00f3n 51 del Sindicato de Trabajadores Petroleros de la Rep\u00fablica Mexicana (STPRM) llev\u00f3 a cabo un acto<\/p>\n","protected":false},"author":4,"featured_media":59029,"comment_status":"closed","ping_status":"closed","sticky":false,"template":"","format":"standard","meta":{"colormag_page_container_layout":"default_layout","colormag_page_sidebar_layout":"default_layout","_jetpack_memberships_contains_paid_content":false,"footnotes":"","jetpack_publicize_message":"","jetpack_publicize_feature_enabled":true,"jetpack_social_post_already_shared":false,"jetpack_social_options":{"image_generator_settings":{"template":"highway","default_image_id":0,"font":"","enabled":false},"version":2}},"categories":[1082],"tags":[],"class_list":["post-59028","post","type-post","status-publish","format-standard","has-post-thumbnail","hentry","category-tuxpan"],"jetpack_publicize_connections":[],"jetpack_featured_media_url":"https:\/\/i0.wp.com\/politicosaldesnudo.com.mx\/wp-content\/uploads\/2025\/03\/4b2.jpg?fit=1600%2C1200&ssl=1","jetpack-related-posts":[],"jetpack_sharing_enabled":true,"_links":{"self":[{"href":"https:\/\/politicosaldesnudo.com.mx\/index.php\/wp-json\/wp\/v2\/posts\/59028","targetHints":{"allow":["GET"]}}],"collection":[{"href":"https:\/\/politicosaldesnudo.com.mx\/index.php\/wp-json\/wp\/v2\/posts"}],"about":[{"href":"https:\/\/politicosaldesnudo.com.mx\/index.php\/wp-json\/wp\/v2\/types\/post"}],"author":[{"embeddable":true,"href":"https:\/\/politicosaldesnudo.com.mx\/index.php\/wp-json\/wp\/v2\/users\/4"}],"replies":[{"embeddable":true,"href":"https:\/\/politicosaldesnudo.com.mx\/index.php\/wp-json\/wp\/v2\/comments?post=59028"}],"version-history":[{"count":0,"href":"https:\/\/politicosaldesnudo.com.mx\/index.php\/wp-json\/wp\/v2\/posts\/59028\/revisions"}],"wp:featuredmedia":[{"embeddable":true,"href":"https:\/\/politicosaldesnudo.com.mx\/index.php\/wp-json\/wp\/v2\/media\/59029"}],"wp:attachment":[{"href":"https:\/\/politicosaldesnudo.com.mx\/index.php\/wp-json\/wp\/v2\/media?parent=59028"}],"wp:term":[{"taxonomy":"category","embeddable":true,"href":"https:\/\/politicosaldesnudo.com.mx\/index.php\/wp-json\/wp\/v2\/categories?post=59028"},{"taxonomy":"post_tag","embeddable":true,"href":"https:\/\/politicosaldesnudo.com.mx\/index.php\/wp-json\/wp\/v2\/tags?post=59028"}],"curies":[{"name":"wp","href":"https:\/\/api.w.org\/{rel}","templated":true}]}}