{"id":59037,"date":"2025-03-19T01:59:39","date_gmt":"2025-03-19T07:59:39","guid":{"rendered":"https:\/\/politicosaldesnudo.com.mx\/?p=59037"},"modified":"2025-03-19T01:59:39","modified_gmt":"2025-03-19T07:59:39","slug":"oposicion-en-san-lazaro-propone-crear-comision-especial-por-desapariciones","status":"publish","type":"post","link":"https:\/\/politicosaldesnudo.com.mx\/index.php\/2025\/03\/19\/oposicion-en-san-lazaro-propone-crear-comision-especial-por-desapariciones\/","title":{"rendered":"Oposici\u00f3n en San L\u00e1zaro propone crear comisi\u00f3n especial por desapariciones"},"content":{"rendered":"<p class=\"nota-justify\">La oposici\u00f3n en la C\u00e1mara de Diputados propuso constituir una comisi\u00f3n especial que coadyuve en la b\u00fasqueda de la edad de las desapariciones forzadas de personas en el pa\u00eds y la bancada mayoritaria acept\u00f3 revisar la solicitud.<\/p>\n<p class=\"nota-justify\">Ayer en la Junta de Coordinaci\u00f3n Pol\u00edtica, los grupos parlamentarios del PAN, PRI y MC presentaron sus propuestas, que surgen a partir del descubrimiento de fosas clandestinas en un rancho de Teuchitl\u00e1n, Jalisco, donde adem\u00e1s de restos \u00f3seos han sido encontrados cientos de pares de zapatos, ropa y pertenencias de personas.<\/p>\n<p class=\"nota-justify\">La vice coordinadora del PAN, Noem\u00ed Luna, plante\u00f3 que la c\u00e1mara integre una comisi\u00f3n especial para la b\u00fasqueda de la verdad y las personas desaparecidas en M\u00e9xico, que mantenga comunicaci\u00f3n permanente con la Comisi\u00f3n Nacional de B\u00fasqueda y las comisiones locales, as\u00ed como con la Fiscal\u00eda General de la Rep\u00fablica y las fiscal\u00edas locales, as\u00ed como con los gobiernos estatales y municipales, y con los colectivos ciudadanos.<\/p>\n<p class=\"nota-justify\">En su proyecto, evalu\u00f3 que la magnitud de la crisis de desaparici\u00f3n de personas en M\u00e9xico se ha minimizado desde el sexenio pasado y la c\u00e1mara no puede quedar al margen del problema mientras la ciudadan\u00eda se manifiesta en las calles y exige a las autoridades poner un alto al terror provocado por la delincuencia organizada.<\/p>\n<p class=\"nota-justify\">A su vez, la coordinadora de MC, Ivonne Ortega Pacheco, solicit\u00f3 constituir una comisi\u00f3n especial sobre desapariciones en M\u00e9xico.<\/p>\n<p class=\"nota-justify\">Se\u00f1al\u00f3 en su propuesta que, dada la magnitud de la crisis de desaparici\u00f3n de personas y el desinter\u00e9s de las autoridades a nivel estatal y federal, es imperativo que la c\u00e1mara asuma un papel activo en la fiscalizaci\u00f3n de las pol\u00edticas de b\u00fasqueda y atenci\u00f3n de v\u00edctimas.<\/p>\n<p class=\"nota-justify\">El coordinador del PRI, Rub\u00e9n Moreira, dijo que tambi\u00e9n solicit\u00f3 constituir una comisi\u00f3n especial de la c\u00e1mara, porque el problema de las desapariciones forzadas es un asunto de Estado y a nombre de su bancada propuso crear una comisi\u00f3n especial que d\u00e9 seguimiento sobre los crematorios clandestinos en Teuchitl\u00e1n.<\/p>\n","protected":false},"excerpt":{"rendered":"<p>La oposici\u00f3n en la C\u00e1mara de Diputados propuso constituir una comisi\u00f3n especial que coadyuve en la b\u00fasqueda de la edad<\/p>\n","protected":false},"author":4,"featured_media":59038,"comment_status":"closed","ping_status":"closed","sticky":false,"template":"","format":"standard","meta":{"colormag_page_container_layout":"default_layout","colormag_page_sidebar_layout":"default_layout","_jetpack_memberships_contains_paid_content":false,"footnotes":"","jetpack_publicize_message":"","jetpack_publicize_feature_enabled":true,"jetpack_social_post_already_shared":false,"jetpack_social_options":{"image_generator_settings":{"template":"highway","default_image_id":0,"font":"","enabled":false},"version":2}},"categories":[33],"tags":[],"class_list":["post-59037","post","type-post","status-publish","format-standard","has-post-thumbnail","hentry","category-nacional"],"jetpack_publicize_connections":[],"jetpack_featured_media_url":"https:\/\/i0.wp.com\/politicosaldesnudo.com.mx\/wp-content\/uploads\/2025\/03\/DFBLOP.jpg?fit=778%2C562&ssl=1","jetpack-related-posts":[],"jetpack_sharing_enabled":true,"_links":{"self":[{"href":"https:\/\/politicosaldesnudo.com.mx\/index.php\/wp-json\/wp\/v2\/posts\/59037","targetHints":{"allow":["GET"]}}],"collection":[{"href":"https:\/\/politicosaldesnudo.com.mx\/index.php\/wp-json\/wp\/v2\/posts"}],"about":[{"href":"https:\/\/politicosaldesnudo.com.mx\/index.php\/wp-json\/wp\/v2\/types\/post"}],"author":[{"embeddable":true,"href":"https:\/\/politicosaldesnudo.com.mx\/index.php\/wp-json\/wp\/v2\/users\/4"}],"replies":[{"embeddable":true,"href":"https:\/\/politicosaldesnudo.com.mx\/index.php\/wp-json\/wp\/v2\/comments?post=59037"}],"version-history":[{"count":0,"href":"https:\/\/politicosaldesnudo.com.mx\/index.php\/wp-json\/wp\/v2\/posts\/59037\/revisions"}],"wp:featuredmedia":[{"embeddable":true,"href":"https:\/\/politicosaldesnudo.com.mx\/index.php\/wp-json\/wp\/v2\/media\/59038"}],"wp:attachment":[{"href":"https:\/\/politicosaldesnudo.com.mx\/index.php\/wp-json\/wp\/v2\/media?parent=59037"}],"wp:term":[{"taxonomy":"category","embeddable":true,"href":"https:\/\/politicosaldesnudo.com.mx\/index.php\/wp-json\/wp\/v2\/categories?post=59037"},{"taxonomy":"post_tag","embeddable":true,"href":"https:\/\/politicosaldesnudo.com.mx\/index.php\/wp-json\/wp\/v2\/tags?post=59037"}],"curies":[{"name":"wp","href":"https:\/\/api.w.org\/{rel}","templated":true}]}}