{"id":59090,"date":"2025-03-18T21:50:45","date_gmt":"2025-03-19T03:50:45","guid":{"rendered":"https:\/\/politicosaldesnudo.com.mx\/?p=59090"},"modified":"2025-03-19T21:57:39","modified_gmt":"2025-03-20T03:57:39","slug":"trio-monumental-beethoven-franck-y-sibelius-osx","status":"publish","type":"post","link":"https:\/\/politicosaldesnudo.com.mx\/index.php\/2025\/03\/18\/trio-monumental-beethoven-franck-y-sibelius-osx\/","title":{"rendered":"Tr\u00edo monumental: Beethoven, Franck y Sibelius OSX"},"content":{"rendered":"<ul>\n<li>Con Alejandro C\u00e1mara, pianista invitado<\/li>\n<li>Martin Lebel, director titular\n<p>Xalapa, Ver. 17 de marzo de 2025. La Orquesta Sinf\u00f3nica de Xalapa presenta a tres de los compositores m\u00e1s destacados y fieles a su estilo para cautivar la emoci\u00f3n del p\u00fablico xalape\u00f1o este viernes de concierto. Comenzando con el \u201ccl\u00e1sico\u201d Ludwig van Beethoven y su Obertura \u201cLeonore 3\u201d, posteriormente llegan las \u201cVariaciones Sinf\u00f3nicas\u201d del hist\u00f3rico organista Cesar Franck, y cerrando la velada con la patri\u00f3tica Sinfon\u00eda n.\u00b0 1 del fin\u00e9s, Jean Sibelius. Con participaci\u00f3n destacada de Alejandro C\u00e1mara en el piano. Bajo la batuta de Martin Lebel, director titular.<\/li>\n<\/ul>\n<p><img data-recalc-dims=\"1\" loading=\"lazy\" decoding=\"async\" class=\"aligncenter size-large wp-image-59091\" src=\"https:\/\/i0.wp.com\/politicosaldesnudo.com.mx\/wp-content\/uploads\/2025\/03\/Alejandro-Ca_mara-1024x684.jpg?resize=800%2C534&#038;ssl=1\" alt=\"\" width=\"800\" height=\"534\" srcset=\"https:\/\/i0.wp.com\/politicosaldesnudo.com.mx\/wp-content\/uploads\/2025\/03\/Alejandro-Ca_mara.jpg?resize=1024%2C684&amp;ssl=1 1024w, https:\/\/i0.wp.com\/politicosaldesnudo.com.mx\/wp-content\/uploads\/2025\/03\/Alejandro-Ca_mara.jpg?resize=300%2C200&amp;ssl=1 300w, https:\/\/i0.wp.com\/politicosaldesnudo.com.mx\/wp-content\/uploads\/2025\/03\/Alejandro-Ca_mara.jpg?resize=768%2C513&amp;ssl=1 768w, https:\/\/i0.wp.com\/politicosaldesnudo.com.mx\/wp-content\/uploads\/2025\/03\/Alejandro-Ca_mara.jpg?resize=1536%2C1026&amp;ssl=1 1536w, https:\/\/i0.wp.com\/politicosaldesnudo.com.mx\/wp-content\/uploads\/2025\/03\/Alejandro-Ca_mara.jpg?w=2016&amp;ssl=1 2016w, https:\/\/i0.wp.com\/politicosaldesnudo.com.mx\/wp-content\/uploads\/2025\/03\/Alejandro-Ca_mara.jpg?w=1600&amp;ssl=1 1600w\" sizes=\"auto, (max-width: 800px) 100vw, 800px\" \/><\/p>\n<p>Este concierto se realizar\u00e1 el viernes 21 de marzo de 2025 a las 20:00 h en Tlaqn\u00e1, Centro Cultural.<br \/>\nLa Obertura \u201cLeonore 3\u201d de Beethoven, fue compuesta en 1806 y publicada en 1810. Pertenece a su \u00fanica \u00f3pera, \u201cLeonore\u201d, para ese momento Beethoven hab\u00eda compuesto cuatro oberturas, de las cuales tres las hab\u00eda desechado por ser demasiado grandes. El argumento principal era de una mujer que se disfrazaba de hombre bajo el supuesto nombre de \u201cFidelio\u201d para rescatar a su marido.<br \/>\nLas \u201cVariaciones Sinf\u00f3nicas\u201d de Cesar Franck, fue compuesta en 1885 para un experimento que efectu\u00f3 con inspiraci\u00f3n de su poema sinf\u00f3nico para piano y orquesta Les Dijjins (basado en el poema de V\u00edctor Hugo), se estren\u00f3 el 1 de mayo de 1886 en Par\u00eds con la Sociedad Nacional de M\u00fasica, bajo la direcci\u00f3n del propio compositor con Louis Di\u00e9mer al piano. Fue dedicada a Monsieur Louis Di\u00e9mer.<br \/>\nLa Sinfon\u00eda n.\u00b0 1 en mi menor Op. 39 de Jean Sibelius fue escrita en 1898,\u00a0 en la \u00e9poca que empezaba la opresi\u00f3n rusa y estrenada el 26 de abril de 1899, solo dos meses despu\u00e9s del Manifiesto ruso. En el mismo programa se interpret\u00f3 la \u201cAtenarnes s\u00e5ng\u201d que fue muy bien acogida por los nacionalistas a los que invitaba a la lucha. Igualmente lo fue la sinfon\u00eda, que aunque no se trataba de una obra program\u00e1tica, su m\u00fasica ten\u00eda un carisma muy nacionalista. Aunque no exista ninguna explicaci\u00f3n program\u00e1tica podemos ver a esta obra como formalmente patri\u00f3tica, celebrando la amarga resistencia del pueblo fin\u00e9s e intentando que se despierte para luchar por sus derechos.<\/p>\n<p>Alejandro C\u00e1mara, pianista invitado, es ganador del primer premio en el Primer Concurso Nacional de Piano \u00abJos\u00e9 Jacinto Cuevas\u00bb en M\u00e9rida 2008 y del primer premio en la Bienal de piano y M\u00fasica Cl\u00e1sica Formal en Mexicali 2006. Alejandro se ha presentado como solista con algunas de las mejores orquestas del pa\u00eds como la Orquesta Sinf\u00f3nica de Yucat\u00e1n, Orquesta Sinf\u00f3nica de Aguascalientes, Orquesta de C\u00e1mara de Xalapa, Orquesta Universitaria de M\u00fasica Popular de Xalapa o la Orquesta de C\u00e1mara de Zacatecas, asimismo, en 2020 fue invitado como solista con la Orquesta Sinf\u00f3nica Italiana \u00abMatteo Goffriller\u00bb durante su gira en M\u00e9xico.<\/p>\n<p>Puedes comprar tus boletos en l\u00ednea en www.orquestasinfonicadexalapa.com, Tienda UV, Tienda UV Museo de Antropolog\u00eda y Taquilla Tlaqn\u00e1.<\/p>\n<p>Correo electr\u00f3nico: <a href=\"mailto:mercadotecnia.osx@gmail.com\">mercadotecnia.osx@gmail.com<\/a>.<\/p>\n","protected":false},"excerpt":{"rendered":"<p>Con Alejandro C\u00e1mara, pianista invitado Martin Lebel, director titular Xalapa, Ver. 17 de marzo de 2025. La Orquesta Sinf\u00f3nica de<\/p>\n","protected":false},"author":4,"featured_media":59092,"comment_status":"closed","ping_status":"closed","sticky":false,"template":"","format":"standard","meta":{"colormag_page_container_layout":"default_layout","colormag_page_sidebar_layout":"default_layout","_jetpack_memberships_contains_paid_content":false,"footnotes":"","jetpack_publicize_message":"","jetpack_publicize_feature_enabled":true,"jetpack_social_post_already_shared":false,"jetpack_social_options":{"image_generator_settings":{"template":"highway","default_image_id":0,"font":"","enabled":false},"version":2}},"categories":[474,30],"tags":[],"class_list":["post-59090","post","type-post","status-publish","format-standard","has-post-thumbnail","hentry","category-cultura","category-estados"],"jetpack_publicize_connections":[],"jetpack_featured_media_url":"https:\/\/i0.wp.com\/politicosaldesnudo.com.mx\/wp-content\/uploads\/2025\/03\/Concierto-OSX-2-scaled.jpg?fit=2560%2C1707&ssl=1","jetpack-related-posts":[],"jetpack_sharing_enabled":true,"_links":{"self":[{"href":"https:\/\/politicosaldesnudo.com.mx\/index.php\/wp-json\/wp\/v2\/posts\/59090","targetHints":{"allow":["GET"]}}],"collection":[{"href":"https:\/\/politicosaldesnudo.com.mx\/index.php\/wp-json\/wp\/v2\/posts"}],"about":[{"href":"https:\/\/politicosaldesnudo.com.mx\/index.php\/wp-json\/wp\/v2\/types\/post"}],"author":[{"embeddable":true,"href":"https:\/\/politicosaldesnudo.com.mx\/index.php\/wp-json\/wp\/v2\/users\/4"}],"replies":[{"embeddable":true,"href":"https:\/\/politicosaldesnudo.com.mx\/index.php\/wp-json\/wp\/v2\/comments?post=59090"}],"version-history":[{"count":0,"href":"https:\/\/politicosaldesnudo.com.mx\/index.php\/wp-json\/wp\/v2\/posts\/59090\/revisions"}],"wp:featuredmedia":[{"embeddable":true,"href":"https:\/\/politicosaldesnudo.com.mx\/index.php\/wp-json\/wp\/v2\/media\/59092"}],"wp:attachment":[{"href":"https:\/\/politicosaldesnudo.com.mx\/index.php\/wp-json\/wp\/v2\/media?parent=59090"}],"wp:term":[{"taxonomy":"category","embeddable":true,"href":"https:\/\/politicosaldesnudo.com.mx\/index.php\/wp-json\/wp\/v2\/categories?post=59090"},{"taxonomy":"post_tag","embeddable":true,"href":"https:\/\/politicosaldesnudo.com.mx\/index.php\/wp-json\/wp\/v2\/tags?post=59090"}],"curies":[{"name":"wp","href":"https:\/\/api.w.org\/{rel}","templated":true}]}}