{"id":59148,"date":"2025-03-20T00:17:09","date_gmt":"2025-03-20T06:17:09","guid":{"rendered":"https:\/\/politicosaldesnudo.com.mx\/?p=59148"},"modified":"2025-03-19T23:10:24","modified_gmt":"2025-03-20T05:10:24","slug":"colombia-extradita-a-eu-a-ocho-criminales-vinculados-a-carteles-mexicanos","status":"publish","type":"post","link":"https:\/\/politicosaldesnudo.com.mx\/index.php\/2025\/03\/20\/colombia-extradita-a-eu-a-ocho-criminales-vinculados-a-carteles-mexicanos\/","title":{"rendered":"Colombia extradita a EU a ocho criminales vinculados a c\u00e1rteles mexicanos"},"content":{"rendered":"<p class=\"nota-justify\">Colombia extradit\u00f3 a ocho connacionales buscados por narcotr\u00e1fico y otros delitos en Estados Unidos, entre ellos el hijo de un hist\u00f3rico capo de una banda criminal local vinculada a carteles mexicanos, informaron las autoridades este mi\u00e9rcoles.<\/p>\n<p class=\"nota-justify\">\u00abEntre los extraditados se encuentra Henry Loaiza Montoya, alias &#8216;Alacr\u00e1n Jr.&#8217;, quien es hijo de alias &#8216;El Alacr\u00e1n&#8217;, capo hist\u00f3rico del Cartel del Norte del Valle\u00bb y eran requeridos por la Corte del Distrito Sur de Florida (sur) \u00abpor los delitos de narcotr\u00e1fico y concierto para delinquir\u00bb, asegur\u00f3 la polic\u00eda en una nota a medios.<\/p>\n<p class=\"nota-justify\">Los extraditables \u00abpertenec\u00edan a una red criminal transnacional dedicada al tr\u00e1fico de coca\u00edna mediante embarcaciones artesanales, con destino final en Estados Unidos\u00bb, agreg\u00f3 la entidad. Adem\u00e1s, ten\u00edan \u00abv\u00ednculos con carteles mexicanos\u00bb, seg\u00fan la nota, que no precis\u00f3 cu\u00e1les.<\/p>\n<p class=\"nota-justify\">Loaiza Montoya se hab\u00eda sometido a \u00absiete cirug\u00edas pl\u00e1sticas para modificar su fisionom\u00eda y evadir a las autoridades\u00bb, hasta que fue capturado en 2024, detallaron las autoridades.<\/p>\n<p class=\"nota-justify\">Un video que difundi\u00f3 el presidente colombiano, Gustavo Petro, en la red X muestra a los detenidos con las manos esposadas y escoltados por agentes policiales, mientras abordan un avi\u00f3n.<\/p>\n<p class=\"nota-justify\">\u00abNo me gusta sentirme como carcelero y menos entregar a otras potencias gente colombiana, pero estas personas hacen mucho da\u00f1o a la sociedad colombiana\u00bb, expres\u00f3 Petro en X.<\/p>\n<p class=\"nota-justify\">El mandatario ha asociado a c\u00e1rteles de la droga mexicanos con el Ej\u00e9rcito de Liberaci\u00f3n Nacional (ELN), guerrilla que recientemente desencaden\u00f3 el peor estallido de violencia en una d\u00e9cada en ese pa\u00eds, as\u00ed como con disidentes de las FARC.<\/p>\n<p class=\"nota-justify\">Petro, el primer izquierdista en llegar al poder en Colombia, le ha pedido a la Casa Blanca replantear la \u00abfallida\u00bb guerra contra las drogas, principal motor de la violencia del prolongado conflicto interno.<\/p>\n<p class=\"nota-justify\">\u00abPor eso he hecho que Colombia luche contra la prohibici\u00f3n. Para liberarnos y volvernos mucho m\u00e1s sanos en el mundo y aportarle en mucho a la humanidad\u00bb, asegur\u00f3 el mandatario en la red social.<\/p>\n","protected":false},"excerpt":{"rendered":"<p>Colombia extradit\u00f3 a ocho connacionales buscados por narcotr\u00e1fico y otros delitos en Estados Unidos, entre ellos el hijo de un<\/p>\n","protected":false},"author":4,"featured_media":59149,"comment_status":"closed","ping_status":"closed","sticky":false,"template":"","format":"standard","meta":{"colormag_page_container_layout":"default_layout","colormag_page_sidebar_layout":"default_layout","_jetpack_memberships_contains_paid_content":false,"footnotes":"","jetpack_publicize_message":"","jetpack_publicize_feature_enabled":true,"jetpack_social_post_already_shared":false,"jetpack_social_options":{"image_generator_settings":{"template":"highway","default_image_id":0,"font":"","enabled":false},"version":2}},"categories":[28],"tags":[],"class_list":["post-59148","post","type-post","status-publish","format-standard","has-post-thumbnail","hentry","category-internacional"],"jetpack_publicize_connections":[],"jetpack_featured_media_url":"https:\/\/i0.wp.com\/politicosaldesnudo.com.mx\/wp-content\/uploads\/2025\/03\/EXT.jpg?fit=594%2C396&ssl=1","jetpack-related-posts":[],"jetpack_sharing_enabled":true,"_links":{"self":[{"href":"https:\/\/politicosaldesnudo.com.mx\/index.php\/wp-json\/wp\/v2\/posts\/59148","targetHints":{"allow":["GET"]}}],"collection":[{"href":"https:\/\/politicosaldesnudo.com.mx\/index.php\/wp-json\/wp\/v2\/posts"}],"about":[{"href":"https:\/\/politicosaldesnudo.com.mx\/index.php\/wp-json\/wp\/v2\/types\/post"}],"author":[{"embeddable":true,"href":"https:\/\/politicosaldesnudo.com.mx\/index.php\/wp-json\/wp\/v2\/users\/4"}],"replies":[{"embeddable":true,"href":"https:\/\/politicosaldesnudo.com.mx\/index.php\/wp-json\/wp\/v2\/comments?post=59148"}],"version-history":[{"count":0,"href":"https:\/\/politicosaldesnudo.com.mx\/index.php\/wp-json\/wp\/v2\/posts\/59148\/revisions"}],"wp:featuredmedia":[{"embeddable":true,"href":"https:\/\/politicosaldesnudo.com.mx\/index.php\/wp-json\/wp\/v2\/media\/59149"}],"wp:attachment":[{"href":"https:\/\/politicosaldesnudo.com.mx\/index.php\/wp-json\/wp\/v2\/media?parent=59148"}],"wp:term":[{"taxonomy":"category","embeddable":true,"href":"https:\/\/politicosaldesnudo.com.mx\/index.php\/wp-json\/wp\/v2\/categories?post=59148"},{"taxonomy":"post_tag","embeddable":true,"href":"https:\/\/politicosaldesnudo.com.mx\/index.php\/wp-json\/wp\/v2\/tags?post=59148"}],"curies":[{"name":"wp","href":"https:\/\/api.w.org\/{rel}","templated":true}]}}