{"id":59151,"date":"2025-03-20T00:18:01","date_gmt":"2025-03-20T06:18:01","guid":{"rendered":"https:\/\/politicosaldesnudo.com.mx\/?p=59151"},"modified":"2025-03-19T23:12:55","modified_gmt":"2025-03-20T05:12:55","slug":"polemica-en-espana-por-el-reparto-de-menores-migrantes","status":"publish","type":"post","link":"https:\/\/politicosaldesnudo.com.mx\/index.php\/2025\/03\/20\/polemica-en-espana-por-el-reparto-de-menores-migrantes\/","title":{"rendered":"Pol\u00e9mica en Espa\u00f1a por el reparto de menores migrantes"},"content":{"rendered":"<p class=\"nota-justify\">El Partido Socialista Obrero Espa\u00f1ol (PSOE) acord\u00f3 con la derecha del independentismo catal\u00e1n de Junsts per Catalunya (JxCat) el reparto de los menores extranjeros no acompa\u00f1ados (Menas), que son en su mayor\u00eda de origen marroqu\u00ed y se encuentran concentrados en dos puntos geogr\u00e1ficos del pa\u00eds: las Islas Canarias, sobre todo en la isla del Hierro, y en Ceuta, donde en total hay m\u00e1s de cuatro mil 400. El pacto provoc\u00f3 una intensa pol\u00e9mica, en la que derecha y la extrema derecha reaccion\u00f3 de forma aireada y advirti\u00f3 que, como fue el caso de la Comunidad de Madrid, presidido por la derechista Isabel D\u00edaz Ayuso, presentar\u00e1 un recurso ante la justicia.<\/p>\n<p class=\"nota-justify\">Las Islas Canarias llevan reclamando desde hace m\u00e1s de un a\u00f1o la resoluci\u00f3n urgente de un problema que empeora cada d\u00eda m\u00e1s: el de la situaci\u00f3n de los m\u00e1s de cuatro mil Menas que est\u00e1n viviendo en sus centros de acogida, saturados y sin personal suficiente para atender a los menores. Muchos de ellos llegaron a Espa\u00f1a despu\u00e9s de una larga traves\u00eda en el mar, en la que perdieron a sus familiares durante el trayecto y, por tanto, ahora tienen la condici\u00f3n de hu\u00e9rfanos. El gobierno canario, presidido por Fernando Clavijo, del partido nacionalista Coalici\u00f3n Canaria (CC), ha reclamado en los \u00faltimos meses una soluci\u00f3n urgente que hasta la fecha no se ha conseguido, sobre todo por el rechazo de las comunidades aut\u00f3nomas presididas por el Partido Popular (PP), que son la mayor\u00eda del pa\u00eds, 12 de las 17. El reparto se llevar\u00e1 a cabo en los pr\u00f3ximos d\u00edas, una vez que se publique la nueva ley en el Bolet\u00edn Oficial del Estado (BOE).<\/p>\n<p class=\"nota-justify\">El PSOE y JxCat anunciaron un acuerdo con el reparto de los menores en el que Madrid y Andaluc\u00eda ser\u00e1n las que tengan que acoger a la mayor\u00eda, 806 y 786, respectivamente, mientras que Catalu\u00f1a \u00fanicamente tendr\u00e1 que asumir la tutela de 26 y el Pa\u00eds Vasco de 84. El resto se distribuir\u00e1n en el resto de las regiones, a pesar de las cr\u00edticas de la mayor\u00eda por haberse hecho el reparto a trav\u00e9s de un acuerdo entre dos partidos pol\u00edticos y por la v\u00eda del decreto ley.<\/p>\n<p class=\"nota-justify\">Actualmente en Espa\u00f1a hay 16 mil 163 menas, que, en funci\u00f3n del acuerdo del gobierno con el independentismo catal\u00e1n, tendr\u00e1 en cuenta para el reparto desde el n\u00famero de menores por poblaci\u00f3n, la renta bruta per c\u00e1pita, la tasa de desempleo o el gasto en la atenci\u00f3n a personas menores no acompa\u00f1adas. Tambi\u00e9n la situaci\u00f3n del sistema de acogida y de otros criterios como ciudad fronteriza, insularidad o dispersi\u00f3n. El ministro de Pol\u00edtica Territorial, \u00c1ngel V\u00edctor Torres, ex presidente canario, apel\u00f3 a la \u201csolidaridad equitativa\u201d para defender este acuerdo, al sostener que \u201cestamos ante un hito en defensa de los derechos humanos, en la defensa del inter\u00e9s superior del menor\u201d.<\/p>\n<p class=\"nota-justify\">La reacci\u00f3n de la derecha y la extrema derecha espa\u00f1ola ante el pacto fue furibunda y anunciaron que har\u00e1n todo lo posible para impedir que al final ese reparto de menores se lleve a cabo. La presidenta madrile\u00f1a, D\u00edaz Ayuso, advirti\u00f3 que \u201cllevar\u00e1 ante los tribunales y la Uni\u00f3n Europea\u201d, ya que -asegur\u00f3- \u201cla pol\u00edtica migratoria de S\u00e1nchez es un lastre para todos: para Espa\u00f1a, para Europa, y para los mismos inmigrantes, en manos de mafias\u201d. La ministra de Sanidad, M\u00f3nica Garc\u00eda, acus\u00f3 a la presidenta D\u00edaz Ayuso de \u201cracismo y xenofobia\u201d y le se\u00f1al\u00f3 porque \u201cse ha echado en brazos nuevamente de la ultraderecha y la internacional reaccionaria y ha dicho que los va a hacinar como los tiene hacinados en un centro de Fuenlabrada, como si fuera una especie de castigo, y saltarse los derechos humanos de estos ni\u00f1os y ni\u00f1as solo tiene una palabra: racismo y xenofobia\u201d.<\/p>\n","protected":false},"excerpt":{"rendered":"<p>El Partido Socialista Obrero Espa\u00f1ol (PSOE) acord\u00f3 con la derecha del independentismo catal\u00e1n de Junsts per Catalunya (JxCat) el reparto<\/p>\n","protected":false},"author":4,"featured_media":59152,"comment_status":"closed","ping_status":"closed","sticky":false,"template":"","format":"standard","meta":{"colormag_page_container_layout":"default_layout","colormag_page_sidebar_layout":"default_layout","_jetpack_memberships_contains_paid_content":false,"footnotes":"","jetpack_publicize_message":"","jetpack_publicize_feature_enabled":true,"jetpack_social_post_already_shared":false,"jetpack_social_options":{"image_generator_settings":{"template":"highway","default_image_id":0,"font":"","enabled":false},"version":2}},"categories":[28],"tags":[],"class_list":["post-59151","post","type-post","status-publish","format-standard","has-post-thumbnail","hentry","category-internacional"],"jetpack_publicize_connections":[],"jetpack_featured_media_url":"https:\/\/i0.wp.com\/politicosaldesnudo.com.mx\/wp-content\/uploads\/2025\/03\/REP-1.jpg?fit=743%2C488&ssl=1","jetpack-related-posts":[],"jetpack_sharing_enabled":true,"_links":{"self":[{"href":"https:\/\/politicosaldesnudo.com.mx\/index.php\/wp-json\/wp\/v2\/posts\/59151","targetHints":{"allow":["GET"]}}],"collection":[{"href":"https:\/\/politicosaldesnudo.com.mx\/index.php\/wp-json\/wp\/v2\/posts"}],"about":[{"href":"https:\/\/politicosaldesnudo.com.mx\/index.php\/wp-json\/wp\/v2\/types\/post"}],"author":[{"embeddable":true,"href":"https:\/\/politicosaldesnudo.com.mx\/index.php\/wp-json\/wp\/v2\/users\/4"}],"replies":[{"embeddable":true,"href":"https:\/\/politicosaldesnudo.com.mx\/index.php\/wp-json\/wp\/v2\/comments?post=59151"}],"version-history":[{"count":0,"href":"https:\/\/politicosaldesnudo.com.mx\/index.php\/wp-json\/wp\/v2\/posts\/59151\/revisions"}],"wp:featuredmedia":[{"embeddable":true,"href":"https:\/\/politicosaldesnudo.com.mx\/index.php\/wp-json\/wp\/v2\/media\/59152"}],"wp:attachment":[{"href":"https:\/\/politicosaldesnudo.com.mx\/index.php\/wp-json\/wp\/v2\/media?parent=59151"}],"wp:term":[{"taxonomy":"category","embeddable":true,"href":"https:\/\/politicosaldesnudo.com.mx\/index.php\/wp-json\/wp\/v2\/categories?post=59151"},{"taxonomy":"post_tag","embeddable":true,"href":"https:\/\/politicosaldesnudo.com.mx\/index.php\/wp-json\/wp\/v2\/tags?post=59151"}],"curies":[{"name":"wp","href":"https:\/\/api.w.org\/{rel}","templated":true}]}}