{"id":59225,"date":"2025-03-21T01:31:00","date_gmt":"2025-03-21T07:31:00","guid":{"rendered":"https:\/\/politicosaldesnudo.com.mx\/?p=59225"},"modified":"2025-03-21T01:31:00","modified_gmt":"2025-03-21T07:31:00","slug":"inicia-operativo-colibri-para-rescatar-y-embellecer-areas-de-tlalnepantla","status":"publish","type":"post","link":"https:\/\/politicosaldesnudo.com.mx\/index.php\/2025\/03\/21\/inicia-operativo-colibri-para-rescatar-y-embellecer-areas-de-tlalnepantla\/","title":{"rendered":"Inicia operativo &#8216;Colibr\u00ed&#8217;, para rescatar y embellecer \u00e1reas de Tlalnepantla"},"content":{"rendered":"<p>Este d\u00eda inici\u00f3 el operativo \u201cColibr\u00ed\u201d, una estrategia integral comunitaria para el rescate y embellecimiento de \u00e1reas verdes y zonas recreativas municipales con perspectiva de g\u00e9nero, con lo que se busca mejorar el entorno urbano y que las y los habitantes cuenten con espacios dignos para el sano esparcimiento.<\/p>\n<p>Al dar el banderazo de arranque a las unidades que recorrer\u00e1n colonias, pueblos y fraccionamientos de la demarcaci\u00f3n, el presidente municipal Raciel P\u00e9rez Cruz detall\u00f3 que en dicho operativo participan m\u00e1s de 15 cuadrillas que cubrir\u00e1n 265 comunidades de Tlalnepantla, atendiendo de manera prioritaria aquellas localidades identificadas con alta incidencia delictiva y violencia de g\u00e9nero, toda vez que la estrategia de seguridad se enfoca en la prevenci\u00f3n y disminuci\u00f3n en la comisi\u00f3n de il\u00edcitos.<\/p>\n<p>\u201cA trav\u00e9s del operativo \u201cColibr\u00ed\u201d vamos a rescatar, dignificar y darle un nuevo rostro a nuestros parques, jardines y \u00e1reas recreativas para que de manera inmediata cuenten con una mejor imagen y con espacios limpios, c\u00e1lidos y seguros que contribuyan a la recreaci\u00f3n, movilidad, esparcimiento, cultura y deporte\u201d, expres\u00f3.<\/p>\n<p>P\u00e9rez Cruz se\u00f1al\u00f3 que dichas acciones est\u00e1n a cargo de la Direcci\u00f3n de Sustentabilidad Ambiental, que tras varios recorridos por el territorio municipal detect\u00f3 las principales necesidades para el mantenimiento y mejoramiento de espacios p\u00fablicos municipales abandonados en donde se llevar\u00e1n a cabo podas, derribos, incisiones de ra\u00edz, entre otras.<\/p>\n<p>Algunos de los trabajos que se realizan en este operativo son; limpieza profunda de parques, jardines y \u00e1reas verdes; mantenimiento y modernizaci\u00f3n de juegos infantiles y gimnasios al aire libre; intervenci\u00f3n art\u00edstica en muros y canchas; mantenimiento y equipamiento de canchas deportivas; poda, desmalezado, encalado y riego de \u00e1rboles.<\/p>\n<p>Tambi\u00e9n se contempla reforestaci\u00f3n con \u00e1rboles y vegetaci\u00f3n urbana; modernizaci\u00f3n de se\u00f1alamientos y nomenclaturas; colocaci\u00f3n de nuevos contenedores de basura; mantenimiento de mobiliario y equipamiento, as\u00ed como la intervenci\u00f3n de banquetas y senderos.<\/p>\n<p>Este programa permitir\u00e1 que las y los habitantes de Nuestra Ciudad cuenten con espacios seguros para la paz y el sano esparcimiento vecinal, al tiempo que mejora la imagen urbana y se procura el cuidado del medio ambiente.<\/p>\n","protected":false},"excerpt":{"rendered":"<p>Este d\u00eda inici\u00f3 el operativo \u201cColibr\u00ed\u201d, una estrategia integral comunitaria para el rescate y embellecimiento de \u00e1reas verdes y zonas<\/p>\n","protected":false},"author":4,"featured_media":59226,"comment_status":"closed","ping_status":"closed","sticky":false,"template":"","format":"standard","meta":{"colormag_page_container_layout":"default_layout","colormag_page_sidebar_layout":"default_layout","_jetpack_memberships_contains_paid_content":false,"footnotes":"","jetpack_publicize_message":"","jetpack_publicize_feature_enabled":true,"jetpack_social_post_already_shared":false,"jetpack_social_options":{"image_generator_settings":{"template":"highway","default_image_id":0,"font":"","enabled":false},"version":2}},"categories":[30],"tags":[],"class_list":["post-59225","post","type-post","status-publish","format-standard","has-post-thumbnail","hentry","category-estados"],"jetpack_publicize_connections":[],"jetpack_featured_media_url":"https:\/\/i0.wp.com\/politicosaldesnudo.com.mx\/wp-content\/uploads\/2025\/03\/COL-1.jpg?fit=649%2C440&ssl=1","jetpack-related-posts":[],"jetpack_sharing_enabled":true,"_links":{"self":[{"href":"https:\/\/politicosaldesnudo.com.mx\/index.php\/wp-json\/wp\/v2\/posts\/59225","targetHints":{"allow":["GET"]}}],"collection":[{"href":"https:\/\/politicosaldesnudo.com.mx\/index.php\/wp-json\/wp\/v2\/posts"}],"about":[{"href":"https:\/\/politicosaldesnudo.com.mx\/index.php\/wp-json\/wp\/v2\/types\/post"}],"author":[{"embeddable":true,"href":"https:\/\/politicosaldesnudo.com.mx\/index.php\/wp-json\/wp\/v2\/users\/4"}],"replies":[{"embeddable":true,"href":"https:\/\/politicosaldesnudo.com.mx\/index.php\/wp-json\/wp\/v2\/comments?post=59225"}],"version-history":[{"count":0,"href":"https:\/\/politicosaldesnudo.com.mx\/index.php\/wp-json\/wp\/v2\/posts\/59225\/revisions"}],"wp:featuredmedia":[{"embeddable":true,"href":"https:\/\/politicosaldesnudo.com.mx\/index.php\/wp-json\/wp\/v2\/media\/59226"}],"wp:attachment":[{"href":"https:\/\/politicosaldesnudo.com.mx\/index.php\/wp-json\/wp\/v2\/media?parent=59225"}],"wp:term":[{"taxonomy":"category","embeddable":true,"href":"https:\/\/politicosaldesnudo.com.mx\/index.php\/wp-json\/wp\/v2\/categories?post=59225"},{"taxonomy":"post_tag","embeddable":true,"href":"https:\/\/politicosaldesnudo.com.mx\/index.php\/wp-json\/wp\/v2\/tags?post=59225"}],"curies":[{"name":"wp","href":"https:\/\/api.w.org\/{rel}","templated":true}]}}