{"id":59234,"date":"2025-03-21T01:36:00","date_gmt":"2025-03-21T07:36:00","guid":{"rendered":"https:\/\/politicosaldesnudo.com.mx\/?p=59234"},"modified":"2025-03-21T01:36:00","modified_gmt":"2025-03-21T07:36:00","slug":"corte-de-brasil-desestima-apartar-a-poderoso-magistrado-del-caso-bolsonaro","status":"publish","type":"post","link":"https:\/\/politicosaldesnudo.com.mx\/index.php\/2025\/03\/21\/corte-de-brasil-desestima-apartar-a-poderoso-magistrado-del-caso-bolsonaro\/","title":{"rendered":"Corte de Brasil desestima apartar a poderoso magistrado del caso Bolsonaro"},"content":{"rendered":"<p>El Supremo Tribunal Federal (STF) de Brasil desestim\u00f3 este jueves un recurso que reclamaba la inadmisi\u00f3n de tres de los jueces que eval\u00faan la acusaci\u00f3n contra el expresidente Jair Bolsonaro por un supuesto intento de golpe de Estado.<\/p>\n<p>Entre los magistrados apuntados est\u00e1 el poderoso Alexandre de Moraes, a cargo del caso Bolsonaro en el STF, la Corte Suprema.<\/p>\n<p>Moraes tambi\u00e9n es uno de los cinco jueces que el 25 de marzo debe decidir si abre un juicio al l\u00edder ultraderechista por un supuesto plan para impedir la asunci\u00f3n de Luiz In\u00e1cio Lula da Silva tras las elecciones de 2022.<\/p>\n<p>La mayor\u00eda de los magistrados acompa\u00f1aron el voto del presidente del STF, Luis Roberto Barroso, que a finales de febrero ya hab\u00eda rechazado los pedidos de la defensa de apartar del caso a Moraes, Fl\u00e1vio Dino y Cristiano Zanin al desestimar que fueran parciales.<\/p>\n<p>Andr\u00e9 Mendon\u00e7a, nominado por Bolsonaro, vot\u00f3 a favor de la recusaci\u00f3n, aunque solo en los casos de Moraes y Dino.<\/p>\n<p>Moraes, al frente de varias causas contra el ex presidente y considerado un enemigo pol\u00edtico por el bolsonarismo, era cuestionado por la defensa por supuestamente tener \u00abinter\u00e9s personal\u00bb en la causa.<\/p>\n<p>Seg\u00fan la acusaci\u00f3n de la Fiscal\u00eda, el plan golpista concebido por una \u00aborganizaci\u00f3n criminal\u00bb liderada por Bolsonaro contemplaba incluso el asesinato de este juez.<\/p>\n<p>La defensa aleg\u00f3 adem\u00e1s que Dino y Zanin deber\u00edan estar impedidos, pues el primero, ex ministro de Justicia de Lula, ya elev\u00f3 una acci\u00f3n penal contra Bolsonaro, mientras que el segundo fue abogado de la campa\u00f1a del izquierdista antes de llegar al STF.<\/p>\n<p>En febrero, Bolsonaro fue imputado junto a otros 33 colaboradores por \u00abgolpe de Estado\u00bb, \u00abtentativa de abolici\u00f3n violenta del Estado democr\u00e1tico de derecho\u00bb y \u00aborganizaci\u00f3n criminal armada\u00bb, entre otros delitos.<\/p>\n<p>En caso de ser juzgado, el ex capit\u00e1n del ej\u00e9rcito, que se declara un \u00abperseguido\u00bb por la justicia, podr\u00eda exponerse a una pena de cerca de 40 a\u00f1os de c\u00e1rcel.<\/p>\n<p>Aunque no hay un plazo m\u00e1ximo estipulado para que los magistrados decidan si debe ser juzgado, es posible que lo hagan el mismo 25 de marzo, explic\u00f3 una fuente de la corte a la Afp.<\/p>\n<p>El STF anunci\u00f3 este jueves que la seguridad en su sede en Brasilia ser\u00e1 reforzada para la ocasi\u00f3n, con un aumento de la presencia policial y con mayores controles en los accesos.<\/p>\n<p>Bolsonaro est\u00e1 inhabilitado pol\u00edticamente hasta 2030 por desinformar sobre el sistema de votaci\u00f3n electr\u00f3nica en Brasil pero conf\u00eda en que su pena sea revertida o reducida para presentarse a las presidenciales de 2026.<\/p>\n","protected":false},"excerpt":{"rendered":"<p>El Supremo Tribunal Federal (STF) de Brasil desestim\u00f3 este jueves un recurso que reclamaba la inadmisi\u00f3n de tres de los<\/p>\n","protected":false},"author":4,"featured_media":59235,"comment_status":"closed","ping_status":"closed","sticky":false,"template":"","format":"standard","meta":{"colormag_page_container_layout":"default_layout","colormag_page_sidebar_layout":"default_layout","_jetpack_memberships_contains_paid_content":false,"footnotes":"","jetpack_publicize_message":"","jetpack_publicize_feature_enabled":true,"jetpack_social_post_already_shared":false,"jetpack_social_options":{"image_generator_settings":{"template":"highway","default_image_id":0,"font":"","enabled":false},"version":2}},"categories":[28],"tags":[],"class_list":["post-59234","post","type-post","status-publish","format-standard","has-post-thumbnail","hentry","category-internacional"],"jetpack_publicize_connections":[],"jetpack_featured_media_url":"https:\/\/i0.wp.com\/politicosaldesnudo.com.mx\/wp-content\/uploads\/2025\/03\/BOL-1.jpg?fit=671%2C444&ssl=1","jetpack-related-posts":[],"jetpack_sharing_enabled":true,"_links":{"self":[{"href":"https:\/\/politicosaldesnudo.com.mx\/index.php\/wp-json\/wp\/v2\/posts\/59234","targetHints":{"allow":["GET"]}}],"collection":[{"href":"https:\/\/politicosaldesnudo.com.mx\/index.php\/wp-json\/wp\/v2\/posts"}],"about":[{"href":"https:\/\/politicosaldesnudo.com.mx\/index.php\/wp-json\/wp\/v2\/types\/post"}],"author":[{"embeddable":true,"href":"https:\/\/politicosaldesnudo.com.mx\/index.php\/wp-json\/wp\/v2\/users\/4"}],"replies":[{"embeddable":true,"href":"https:\/\/politicosaldesnudo.com.mx\/index.php\/wp-json\/wp\/v2\/comments?post=59234"}],"version-history":[{"count":0,"href":"https:\/\/politicosaldesnudo.com.mx\/index.php\/wp-json\/wp\/v2\/posts\/59234\/revisions"}],"wp:featuredmedia":[{"embeddable":true,"href":"https:\/\/politicosaldesnudo.com.mx\/index.php\/wp-json\/wp\/v2\/media\/59235"}],"wp:attachment":[{"href":"https:\/\/politicosaldesnudo.com.mx\/index.php\/wp-json\/wp\/v2\/media?parent=59234"}],"wp:term":[{"taxonomy":"category","embeddable":true,"href":"https:\/\/politicosaldesnudo.com.mx\/index.php\/wp-json\/wp\/v2\/categories?post=59234"},{"taxonomy":"post_tag","embeddable":true,"href":"https:\/\/politicosaldesnudo.com.mx\/index.php\/wp-json\/wp\/v2\/tags?post=59234"}],"curies":[{"name":"wp","href":"https:\/\/api.w.org\/{rel}","templated":true}]}}