{"id":59331,"date":"2025-03-22T16:32:26","date_gmt":"2025-03-22T22:32:26","guid":{"rendered":"https:\/\/politicosaldesnudo.com.mx\/?p=59331"},"modified":"2025-03-23T16:33:31","modified_gmt":"2025-03-23T22:33:31","slug":"los-datos-del-turismo","status":"publish","type":"post","link":"https:\/\/politicosaldesnudo.com.mx\/index.php\/2025\/03\/22\/los-datos-del-turismo\/","title":{"rendered":"Los datos del turismo"},"content":{"rendered":"<ul>\n<li style=\"font-weight: 400;\"><strong>Que Veracruz ya ocupa el primer lugar de visitantes a nivel nacional<\/strong><\/li>\n<li style=\"font-weight: 400;\"><strong>Aunque no se dieron a conocer las cifras en reuni\u00f3n con prestadores de servicios<\/strong><\/li>\n<li style=\"font-weight: 400;\"><strong>Que ya le ganamos a Canc\u00fan, la Riviera Maya y Playa del Carmen<\/strong><\/li>\n<\/ul>\n<p style=\"font-weight: 400;\"><strong>Por Miguel \u00c1ngel Cristiani G.<\/strong><\/p>\n<p style=\"font-weight: 400;\">Ahora si que como dicen los chavos, no sabemos si le gan\u00f3 la emoci\u00f3n a la secretaria de Turismo federal, Josefina Rodr\u00edguez Zamora en su discurso que pronunci\u00f3 en la reuni\u00f3n ante los prestadores de servicios tur\u00edsticos en la zona conurbada Veracruz- Boca del R\u00edo, pero en el video que se transmiti\u00f3 por la televisi\u00f3n estatal la funcionaria asegur\u00f3 que el estado de Veracruz ya ocupa el primer lugar a nivel nacional por el n\u00famero de visitantes que recibe.<\/p>\n<p style=\"font-weight: 400;\">Dijo que ese dato no lo ten\u00eda ni la gobernadora del estado Roc\u00edo Nahle y mucho menos los hoteleros y restauranteros ah\u00ed reunidos.<\/p>\n<p style=\"font-weight: 400;\">Pero luego, posiblemente se dio cuenta de lo que estaba asegurando y ya no le sigui\u00f3 con el revelador dato.<\/p>\n<p style=\"font-weight: 400;\">Mucho menos dio a conocer cifras que confirmaran su aseveraci\u00f3n.<\/p>\n<p style=\"font-weight: 400;\">Porque si como dijo Veracruz ocupa ya el primer lugar a nivel nacional por el n\u00famero de visitantes, en los primeros meses del a\u00f1o, de enero a la fecha, con cifras de los \u00faltimos 16 a\u00f1os, pues hubiera sido muy interesante que de una vez soltara alg\u00fan numerito para poder constatar de lo que estamos hablando.<\/p>\n<p style=\"font-weight: 400;\">Habr\u00eda que preguntar a los directamente conocedores del tema, los hoteleros y restauranteros, si sus negocios se han visto atiborrados de turistas, como ocurre en otras partes del pa\u00eds.<\/p>\n<p style=\"font-weight: 400;\">Porque de acuerdo con lo dicho por la secretaria de Turismo federal, Josefina Rodr\u00edguez Mota, ahora resulta que Veracruz ya recibe m\u00e1s turistas que por ejemplo la Riviera Maya incluyendo Canc\u00fan y Playa del Carmen, en donde a todas horas vemos a los turistas caminando por las calles.<\/p>\n<p style=\"font-weight: 400;\">Pero lo cierto es que al menos aqu\u00ed en Xalapa, la capital del Estado de Veracruz, no se ha visto y mucho menos sentido que haya habido un extraordinario incremento en el n\u00famero de visitantes tur\u00edsticos.<\/p>\n<p style=\"font-weight: 400;\">A no ser, que se est\u00e9n contabilizando como \u201cturistas\u201d los miles de centroamericanos y haitianos que esos s\u00ed, con familias enteras, se localizan en los puntos estrat\u00e9gicos de la ciudad, para pedir unas monedas para comprar comida y seguir su viaje.<\/p>\n<p style=\"font-weight: 400;\">Como era obvio en la informaci\u00f3n oficial que se manej\u00f3 de la visita a Veracruz, no se manej\u00f3 esa parte del discurso.<\/p>\n<p style=\"font-weight: 400;\">Solo se dijo que: \u201cEn visita a Veracruz, para la reuni\u00f3n con prestadores de servicios tur\u00edsticos y la gobernadora Roc\u00edo Nahle Garc\u00eda, la secretaria de Turismo federal, Josefina Rodr\u00edguez Zamora, destac\u00f3 a Veracruz como un destino clave en la promoci\u00f3n tur\u00edstica nacional, con presencia en mercados internacionales y el desarrollo de un pol\u00edgono de turismo comunitario en Los Tuxtlas.<\/p>\n<p style=\"font-weight: 400;\">En entrevista con medios de comunicaci\u00f3n, previa a la reuni\u00f3n con la Secretar\u00eda de Turismo Federal, el Gobierno del Estado y prestadores de servicios, se\u00f1al\u00f3, \u201cVeracruz est\u00e1 sumado a estas 14 esferas internacionales y a siete roadshows en Estados Unidos y Canad\u00e1\u201d, destacando el impacto positivo que estas acciones tendr\u00e1n en la atracci\u00f3n de visitantes extranjeros.\u201d<\/p>\n<p style=\"font-weight: 400;\">Hubiera sido bueno tambi\u00e9n, que luego de que la llevaron a recorrer en un trenecito la zona del parque de la Cumbre Taj\u00edn en Papantla, alguien le hubieran informado a la secretaria que m\u00e1s que el \u201cpol\u00edgono de turismo comunitario en la regi\u00f3n de los Tuxtlas\u201d, se deber\u00eda de promover el turismo nacional hacia las playas del municipio de Tuxpan, que son la m\u00e1s grandes del Golfo y las m\u00e1s cercanas al centro del pa\u00eds, con una autopista de primera para poder llegar a disfrutar de su cocina.<\/p>\n<p style=\"font-weight: 400;\">Pareciera que para no variar, la secretar\u00eda de Turismo federal no est\u00e1 bien informada, al menos de lo que significa y puede ser promovido a nivel estatal.<\/p>\n<p style=\"font-weight: 400;\">Para m\u00e1s informaci\u00f3n consulta nuestra p\u00e1gina\u00a0<a href=\"https:\/\/www.xn--bitacoraspolticas-ovb.com\/\" data-saferedirecturl=\"https:\/\/www.google.com\/url?q=https:\/\/www.xn--bitacoraspolticas-ovb.com\/&amp;source=gmail&amp;ust=1742854612762000&amp;usg=AOvVaw0zivLcAS_72qIq3xWKWIB2\">https:\/\/www.xn--bitacoraspolticas-ovb.com\/<\/a><\/p>\n<p><img data-recalc-dims=\"1\" loading=\"lazy\" decoding=\"async\" class=\"aligncenter size-full wp-image-59247\" src=\"https:\/\/i0.wp.com\/politicosaldesnudo.com.mx\/wp-content\/uploads\/2025\/03\/FIRMA-EDITORIAL-PD-5.jpg?resize=800%2C98&#038;ssl=1\" alt=\"\" width=\"800\" height=\"98\" srcset=\"https:\/\/i0.wp.com\/politicosaldesnudo.com.mx\/wp-content\/uploads\/2025\/03\/FIRMA-EDITORIAL-PD-5.jpg?w=1024&amp;ssl=1 1024w, https:\/\/i0.wp.com\/politicosaldesnudo.com.mx\/wp-content\/uploads\/2025\/03\/FIRMA-EDITORIAL-PD-5.jpg?resize=300%2C37&amp;ssl=1 300w, https:\/\/i0.wp.com\/politicosaldesnudo.com.mx\/wp-content\/uploads\/2025\/03\/FIRMA-EDITORIAL-PD-5.jpg?resize=768%2C94&amp;ssl=1 768w\" sizes=\"auto, (max-width: 800px) 100vw, 800px\" \/><\/p>\n","protected":false},"excerpt":{"rendered":"<p>Que Veracruz ya ocupa el primer lugar de visitantes a nivel nacional Aunque no se dieron a conocer las cifras<\/p>\n","protected":false},"author":4,"featured_media":46060,"comment_status":"closed","ping_status":"closed","sticky":false,"template":"","format":"standard","meta":{"colormag_page_container_layout":"default_layout","colormag_page_sidebar_layout":"default_layout","_jetpack_memberships_contains_paid_content":false,"footnotes":"","jetpack_publicize_message":"","jetpack_publicize_feature_enabled":true,"jetpack_social_post_already_shared":false,"jetpack_social_options":{"image_generator_settings":{"template":"highway","default_image_id":0,"font":"","enabled":false},"version":2}},"categories":[26],"tags":[],"class_list":["post-59331","post","type-post","status-publish","format-standard","has-post-thumbnail","hentry","category-columnistas"],"jetpack_publicize_connections":[],"jetpack_featured_media_url":"https:\/\/i0.wp.com\/politicosaldesnudo.com.mx\/wp-content\/uploads\/2024\/09\/CRISTIANI-2.jpg?fit=800%2C445&ssl=1","jetpack-related-posts":[],"jetpack_sharing_enabled":true,"_links":{"self":[{"href":"https:\/\/politicosaldesnudo.com.mx\/index.php\/wp-json\/wp\/v2\/posts\/59331","targetHints":{"allow":["GET"]}}],"collection":[{"href":"https:\/\/politicosaldesnudo.com.mx\/index.php\/wp-json\/wp\/v2\/posts"}],"about":[{"href":"https:\/\/politicosaldesnudo.com.mx\/index.php\/wp-json\/wp\/v2\/types\/post"}],"author":[{"embeddable":true,"href":"https:\/\/politicosaldesnudo.com.mx\/index.php\/wp-json\/wp\/v2\/users\/4"}],"replies":[{"embeddable":true,"href":"https:\/\/politicosaldesnudo.com.mx\/index.php\/wp-json\/wp\/v2\/comments?post=59331"}],"version-history":[{"count":0,"href":"https:\/\/politicosaldesnudo.com.mx\/index.php\/wp-json\/wp\/v2\/posts\/59331\/revisions"}],"wp:featuredmedia":[{"embeddable":true,"href":"https:\/\/politicosaldesnudo.com.mx\/index.php\/wp-json\/wp\/v2\/media\/46060"}],"wp:attachment":[{"href":"https:\/\/politicosaldesnudo.com.mx\/index.php\/wp-json\/wp\/v2\/media?parent=59331"}],"wp:term":[{"taxonomy":"category","embeddable":true,"href":"https:\/\/politicosaldesnudo.com.mx\/index.php\/wp-json\/wp\/v2\/categories?post=59331"},{"taxonomy":"post_tag","embeddable":true,"href":"https:\/\/politicosaldesnudo.com.mx\/index.php\/wp-json\/wp\/v2\/tags?post=59331"}],"curies":[{"name":"wp","href":"https:\/\/api.w.org\/{rel}","templated":true}]}}