{"id":59357,"date":"2025-03-24T01:12:02","date_gmt":"2025-03-24T07:12:02","guid":{"rendered":"https:\/\/politicosaldesnudo.com.mx\/?p=59357"},"modified":"2025-03-24T01:12:02","modified_gmt":"2025-03-24T07:12:02","slug":"protestan-panamenos-ante-posible-reapertura-de-mina-de-cobre-canadiense","status":"publish","type":"post","link":"https:\/\/politicosaldesnudo.com.mx\/index.php\/2025\/03\/24\/protestan-panamenos-ante-posible-reapertura-de-mina-de-cobre-canadiense\/","title":{"rendered":"Protestan paname\u00f1os ante posible reapertura de mina de cobre canadiense"},"content":{"rendered":"<p class=\"nota-justify\">Unos 200 activistas se manifestaron este domingo en la capital de Panam\u00e1 contra la posible reapertura de la mayor mina a cielo abierto de Centroam\u00e9rica, de una compa\u00f1\u00eda canadiense, paralizada por la justicia en 2023.<\/p>\n<p class=\"nota-justify\">\u201cEstamos alarmados con los recientes anuncios del se\u00f1or presidente\u201d paname\u00f1o, Jos\u00e9 Ra\u00fal Mulino, dijo a la AFP la estudiante Andrea Barranco, de 20 a\u00f1os, en alusi\u00f3n a que el mandatario expres\u00f3 su disposici\u00f3n a conversar con la empresa First Quantum Minerals sobre la eventual reanudaci\u00f3n de operaciones del yacimiento situado en la costa del Caribe.<\/p>\n<p class=\"nota-justify\">Los manifestantes se congregaron en un parque de la costanera que bordea la capital con banderas paname\u00f1as y pancartas en sus manos, y coreando \u201cMulino y miner\u00eda son la misma porquer\u00eda\u201d.<\/p>\n<p class=\"nota-justify\">Se oponen a la reapertura de la mina a cielo abierto por los supuestos da\u00f1os que provocar\u00eda al medioambiente.<\/p>\n<p class=\"nota-justify\">La cantidad de asistentes contrast\u00f3, sin embargo, con las masivas protestas que semiparalizaron al pa\u00eds en 2023 y condujeron al cierre de la mina, cuyo contrato de concesi\u00f3n fue declarado entonces \u201cinconstitucional\u201d por la Corte Suprema paname\u00f1a.<\/p>\n<p class=\"nota-justify\">Numerosos manifestantes ten\u00edan pintado su rostro o usaban m\u00e1scaras de gato para burlarse de Mulino, quien el jueves afirm\u00f3 que los que se oponen a la miner\u00eda en Panam\u00e1 son \u201ccinco gatos que no pagan una planilla\u201d de trabajadores.<\/p>\n<p class=\"nota-justify\">Hace 10 d\u00edas, Mulino autoriz\u00f3 a Cobre Panam\u00e1, la filial local de First Quantum, a exportar 130 mil toneladas de concentrado de cobre extra\u00eddo antes de que el yacimiento fuera clausurado. Un d\u00eda despu\u00e9s, la empresa dijo que suspend\u00eda un arbitraje internacional contra Panam\u00e1, en el que buscaba 20 mil millones de d\u00f3lares en compensaciones.<\/p>\n<p class=\"nota-justify\">La mina produc\u00eda unas 300 mil toneladas de concentrado de cobre anuales, que representaban 75 por ciento de las exportaciones y 5 por ciento del producto interno bruto (PIB) de Panam\u00e1. Adem\u00e1s, empleaba a unas 37 mil personas de manera directa e indirecta, de las cuales s\u00f3lo mil 300 siguen laborando en su mantenimiento.<\/p>\n<p class=\"nota-justify\">\u201cEl fallo [que paraliz\u00f3 la mina] fue producto de la acci\u00f3n de la gente en la calle\u201d, dijo a la AFP el dirigente magisterial Armando Guerra, quien advirti\u00f3 que \u201clas protestas van a continuar\u201d.<\/p>\n","protected":false},"excerpt":{"rendered":"<p>Unos 200 activistas se manifestaron este domingo en la capital de Panam\u00e1 contra la posible reapertura de la mayor mina<\/p>\n","protected":false},"author":4,"featured_media":59358,"comment_status":"closed","ping_status":"closed","sticky":false,"template":"","format":"standard","meta":{"colormag_page_container_layout":"default_layout","colormag_page_sidebar_layout":"default_layout","_jetpack_memberships_contains_paid_content":false,"footnotes":"","jetpack_publicize_message":"","jetpack_publicize_feature_enabled":true,"jetpack_social_post_already_shared":false,"jetpack_social_options":{"image_generator_settings":{"template":"highway","default_image_id":0,"font":"","enabled":false},"version":2}},"categories":[2050],"tags":[],"class_list":["post-59357","post","type-post","status-publish","format-standard","has-post-thumbnail","hentry","category-economia"],"jetpack_publicize_connections":[],"jetpack_featured_media_url":"https:\/\/i0.wp.com\/politicosaldesnudo.com.mx\/wp-content\/uploads\/2025\/03\/P-3.jpg?fit=584%2C425&ssl=1","jetpack-related-posts":[],"jetpack_sharing_enabled":true,"_links":{"self":[{"href":"https:\/\/politicosaldesnudo.com.mx\/index.php\/wp-json\/wp\/v2\/posts\/59357","targetHints":{"allow":["GET"]}}],"collection":[{"href":"https:\/\/politicosaldesnudo.com.mx\/index.php\/wp-json\/wp\/v2\/posts"}],"about":[{"href":"https:\/\/politicosaldesnudo.com.mx\/index.php\/wp-json\/wp\/v2\/types\/post"}],"author":[{"embeddable":true,"href":"https:\/\/politicosaldesnudo.com.mx\/index.php\/wp-json\/wp\/v2\/users\/4"}],"replies":[{"embeddable":true,"href":"https:\/\/politicosaldesnudo.com.mx\/index.php\/wp-json\/wp\/v2\/comments?post=59357"}],"version-history":[{"count":0,"href":"https:\/\/politicosaldesnudo.com.mx\/index.php\/wp-json\/wp\/v2\/posts\/59357\/revisions"}],"wp:featuredmedia":[{"embeddable":true,"href":"https:\/\/politicosaldesnudo.com.mx\/index.php\/wp-json\/wp\/v2\/media\/59358"}],"wp:attachment":[{"href":"https:\/\/politicosaldesnudo.com.mx\/index.php\/wp-json\/wp\/v2\/media?parent=59357"}],"wp:term":[{"taxonomy":"category","embeddable":true,"href":"https:\/\/politicosaldesnudo.com.mx\/index.php\/wp-json\/wp\/v2\/categories?post=59357"},{"taxonomy":"post_tag","embeddable":true,"href":"https:\/\/politicosaldesnudo.com.mx\/index.php\/wp-json\/wp\/v2\/tags?post=59357"}],"curies":[{"name":"wp","href":"https:\/\/api.w.org\/{rel}","templated":true}]}}