{"id":59375,"date":"2025-03-24T01:24:00","date_gmt":"2025-03-24T07:24:00","guid":{"rendered":"https:\/\/politicosaldesnudo.com.mx\/?p=59375"},"modified":"2025-03-24T01:24:00","modified_gmt":"2025-03-24T07:24:00","slug":"protestan-por-mala-calidad-del-aire-y-alza-de-tarifas-en-monterrey","status":"publish","type":"post","link":"https:\/\/politicosaldesnudo.com.mx\/index.php\/2025\/03\/24\/protestan-por-mala-calidad-del-aire-y-alza-de-tarifas-en-monterrey\/","title":{"rendered":"Protestan por mala calidad del aire y alza de tarifas en Monterrey"},"content":{"rendered":"<p class=\"nota-justify\">Integrantes de colectivos contra la mala calidad del aire y transportes urbanos se manifestaron durante la inauguraci\u00f3n del Macrofest 2025 donde exigieron mejores medidas para controlar las emisiones contaminantes y bajar las tarifas del transporte p\u00fablico.<\/p>\n<p class=\"nota-justify\">\u201c(Nos) estamos manifestando por todas las injusticias de Samuel (Garc\u00eda Sep\u00falveda), el transporte, el aire. Es rid\u00edculo que un estado que ocupa dinero para la cultura lo derroche en esto. Por esto necesitamos m\u00e1s cultura, m\u00e1s arte, menos Macrofest\u201d, se\u00f1al\u00f3 Juan Manuel Zerme\u00f1o, uno de los manifestantes.<\/p>\n<p class=\"nota-justify\">Con consignas como \u201cSamuel s\u00fabete al cami\u00f3n\u201d, los manifestantes se integraron a la multitud que esperaba la entrada de la Banda MS, conjunto que abri\u00f3 el evento celebrado en la Explanada de los H\u00e9roes en el Centro de Monterrey.<\/p>\n<p class=\"nota-justify\">Los manifestantes, quienes se contabilizaban en m\u00e1s de 80 participantes, intentaron adelantarse al escenario antes de que empezara el evento.<\/p>\n<p class=\"nota-justify\">Sin embargo, fueron detenidos por elementos de Fuerza Civil quienes les impidieron el paso y comenzaron a acordonarlos en un punto de la multitud.<\/p>\n<p class=\"nota-justify\">En ese proceso, se visualizaron algunos forcejeos entre miembros de Fuerza Civil y los manifestantes, quienes se\u00f1alaron entre consignas como \u201cNo a la represi\u00f3n\u201d, la interacci\u00f3n con los elementos de seguridad.<\/p>\n<p class=\"nota-justify\">Acto seguido, los elementos de seguridad los acordonaron entre vallas de seguridad para que no se mezclara la manifestaci\u00f3n con las personas que iban a ver el concierto.<\/p>\n<p class=\"nota-justify\">El concierto dio inicio y los manifestantes continuaron con sus exigencias en medio del acordonamiento de los elementos de Fuerza Civil.<\/p>\n<p class=\"nota-justify\">De acuerdo al itinerario del gobierno del estado de Nuevo Le\u00f3n, en el evento iba a estar presente el gobernador, Samuel Garc\u00eda Sep\u00falveda, quien iba a dirigir unas palabras, sin embargo no se present\u00f3 al inicio del evento.<\/p>\n","protected":false},"excerpt":{"rendered":"<p>Integrantes de colectivos contra la mala calidad del aire y transportes urbanos se manifestaron durante la inauguraci\u00f3n del Macrofest 2025<\/p>\n","protected":false},"author":4,"featured_media":59376,"comment_status":"closed","ping_status":"closed","sticky":false,"template":"","format":"standard","meta":{"colormag_page_container_layout":"default_layout","colormag_page_sidebar_layout":"default_layout","_jetpack_memberships_contains_paid_content":false,"footnotes":"","jetpack_publicize_message":"","jetpack_publicize_feature_enabled":true,"jetpack_social_post_already_shared":false,"jetpack_social_options":{"image_generator_settings":{"template":"highway","default_image_id":0,"font":"","enabled":false},"version":2}},"categories":[30],"tags":[],"class_list":["post-59375","post","type-post","status-publish","format-standard","has-post-thumbnail","hentry","category-estados"],"jetpack_publicize_connections":[],"jetpack_featured_media_url":"https:\/\/i0.wp.com\/politicosaldesnudo.com.mx\/wp-content\/uploads\/2025\/03\/MTY.jpg?fit=776%2C482&ssl=1","jetpack-related-posts":[],"jetpack_sharing_enabled":true,"_links":{"self":[{"href":"https:\/\/politicosaldesnudo.com.mx\/index.php\/wp-json\/wp\/v2\/posts\/59375","targetHints":{"allow":["GET"]}}],"collection":[{"href":"https:\/\/politicosaldesnudo.com.mx\/index.php\/wp-json\/wp\/v2\/posts"}],"about":[{"href":"https:\/\/politicosaldesnudo.com.mx\/index.php\/wp-json\/wp\/v2\/types\/post"}],"author":[{"embeddable":true,"href":"https:\/\/politicosaldesnudo.com.mx\/index.php\/wp-json\/wp\/v2\/users\/4"}],"replies":[{"embeddable":true,"href":"https:\/\/politicosaldesnudo.com.mx\/index.php\/wp-json\/wp\/v2\/comments?post=59375"}],"version-history":[{"count":0,"href":"https:\/\/politicosaldesnudo.com.mx\/index.php\/wp-json\/wp\/v2\/posts\/59375\/revisions"}],"wp:featuredmedia":[{"embeddable":true,"href":"https:\/\/politicosaldesnudo.com.mx\/index.php\/wp-json\/wp\/v2\/media\/59376"}],"wp:attachment":[{"href":"https:\/\/politicosaldesnudo.com.mx\/index.php\/wp-json\/wp\/v2\/media?parent=59375"}],"wp:term":[{"taxonomy":"category","embeddable":true,"href":"https:\/\/politicosaldesnudo.com.mx\/index.php\/wp-json\/wp\/v2\/categories?post=59375"},{"taxonomy":"post_tag","embeddable":true,"href":"https:\/\/politicosaldesnudo.com.mx\/index.php\/wp-json\/wp\/v2\/tags?post=59375"}],"curies":[{"name":"wp","href":"https:\/\/api.w.org\/{rel}","templated":true}]}}