{"id":59451,"date":"2025-03-25T00:03:50","date_gmt":"2025-03-25T06:03:50","guid":{"rendered":"https:\/\/politicosaldesnudo.com.mx\/?p=59451"},"modified":"2025-03-24T21:24:34","modified_gmt":"2025-03-25T03:24:34","slug":"imparten-conferencia-sobre-simbolos-patrios","status":"publish","type":"post","link":"https:\/\/politicosaldesnudo.com.mx\/index.php\/2025\/03\/25\/imparten-conferencia-sobre-simbolos-patrios\/","title":{"rendered":"Imparten conferencia sobre S\u00edmbolos Patrios"},"content":{"rendered":"<p>Con el prop\u00f3sito de fomentar el respeto y amor por los s\u00edmbolos patrios entre las nuevas generaciones, personal del 39\/o Batall\u00f3n de Infanter\u00eda imparti\u00f3 una conferencia especial sobre el significado e importancia de la Bandera, el Escudo y el Himno Nacional en la escuela primaria \u201cEmiliano Zapata\u201d, ubicada en este municipio.<\/p>\n<p>Durante la charla, los elementos del Ej\u00e9rcito Mexicano explicaron de manera din\u00e1mica y accesible la historia y los valores que representan los s\u00edmbolos nacionales, logrando captar la atenci\u00f3n de los alumnos, quienes participaron activamente con preguntas y reflexiones sobre el tema.<\/p>\n<p>El evento cont\u00f3 con la asistencia de directivos, docentes y personal administrativo de la instituci\u00f3n educativa, quienes reconocieron la relevancia de estas actividades para fortalecer el sentido de identidad nacional en los ni\u00f1os.<\/p>\n<p>Con este tipo de iniciativas, el Ej\u00e9rcito Mexicano reafirma su compromiso con la educaci\u00f3n y la promoci\u00f3n de los valores c\u00edvicos, contribuyendo al desarrollo integral de la sociedad.<\/p>\n","protected":false},"excerpt":{"rendered":"<p>Con el prop\u00f3sito de fomentar el respeto y amor por los s\u00edmbolos patrios entre las nuevas generaciones, personal del 39\/o<\/p>\n","protected":false},"author":4,"featured_media":59452,"comment_status":"closed","ping_status":"closed","sticky":false,"template":"","format":"standard","meta":{"colormag_page_container_layout":"default_layout","colormag_page_sidebar_layout":"default_layout","_jetpack_memberships_contains_paid_content":false,"footnotes":"","jetpack_publicize_message":"","jetpack_publicize_feature_enabled":true,"jetpack_social_post_already_shared":false,"jetpack_social_options":{"image_generator_settings":{"template":"highway","default_image_id":0,"font":"","enabled":false},"version":2}},"categories":[1082],"tags":[],"class_list":["post-59451","post","type-post","status-publish","format-standard","has-post-thumbnail","hentry","category-tuxpan"],"jetpack_publicize_connections":[],"jetpack_featured_media_url":"https:\/\/i0.wp.com\/politicosaldesnudo.com.mx\/wp-content\/uploads\/2025\/03\/4c-8.jpg?fit=1280%2C960&ssl=1","jetpack-related-posts":[],"jetpack_sharing_enabled":true,"_links":{"self":[{"href":"https:\/\/politicosaldesnudo.com.mx\/index.php\/wp-json\/wp\/v2\/posts\/59451","targetHints":{"allow":["GET"]}}],"collection":[{"href":"https:\/\/politicosaldesnudo.com.mx\/index.php\/wp-json\/wp\/v2\/posts"}],"about":[{"href":"https:\/\/politicosaldesnudo.com.mx\/index.php\/wp-json\/wp\/v2\/types\/post"}],"author":[{"embeddable":true,"href":"https:\/\/politicosaldesnudo.com.mx\/index.php\/wp-json\/wp\/v2\/users\/4"}],"replies":[{"embeddable":true,"href":"https:\/\/politicosaldesnudo.com.mx\/index.php\/wp-json\/wp\/v2\/comments?post=59451"}],"version-history":[{"count":0,"href":"https:\/\/politicosaldesnudo.com.mx\/index.php\/wp-json\/wp\/v2\/posts\/59451\/revisions"}],"wp:featuredmedia":[{"embeddable":true,"href":"https:\/\/politicosaldesnudo.com.mx\/index.php\/wp-json\/wp\/v2\/media\/59452"}],"wp:attachment":[{"href":"https:\/\/politicosaldesnudo.com.mx\/index.php\/wp-json\/wp\/v2\/media?parent=59451"}],"wp:term":[{"taxonomy":"category","embeddable":true,"href":"https:\/\/politicosaldesnudo.com.mx\/index.php\/wp-json\/wp\/v2\/categories?post=59451"},{"taxonomy":"post_tag","embeddable":true,"href":"https:\/\/politicosaldesnudo.com.mx\/index.php\/wp-json\/wp\/v2\/tags?post=59451"}],"curies":[{"name":"wp","href":"https:\/\/api.w.org\/{rel}","templated":true}]}}