{"id":59454,"date":"2025-03-25T00:04:57","date_gmt":"2025-03-25T06:04:57","guid":{"rendered":"https:\/\/politicosaldesnudo.com.mx\/?p=59454"},"modified":"2025-03-24T21:25:38","modified_gmt":"2025-03-25T03:25:38","slug":"abren-modulo-de-informacion-para-empleos-temporales","status":"publish","type":"post","link":"https:\/\/politicosaldesnudo.com.mx\/index.php\/2025\/03\/25\/abren-modulo-de-informacion-para-empleos-temporales\/","title":{"rendered":"Abren M\u00f3dulo de Informaci\u00f3n para Empleos Temporales"},"content":{"rendered":"<p>El Servicio Municipal del Empleo ha instalado un m\u00f3dulo en la planta baja del Palacio Municipal de Tuxpan para brindar informaci\u00f3n a todas las personas interesadas en trabajar durante la temporada ocasional de Semana Santa, que se llevar\u00e1 a cabo en los pr\u00f3ximos d\u00edas, as\u00ed como en el Carnaval de Tuxpan, programado para principios de mayo.<\/p>\n<p>Este m\u00f3dulo est\u00e1 dirigido tanto a quienes buscan empleo temporal en estos periodos como a las empresas del sector tur\u00edstico y prestadores de servicios que deseen registrar sus vacantes. Se espera que, como cada a\u00f1o, la demanda de trabajadores en hoteles, restaurantes y otros negocios tur\u00edsticos aumente considerablemente, debido al gran n\u00famero de visitantes que recibe el municipio durante la Semana Santa.<\/p>\n<p>Las personas interesadas en obtener m\u00e1s informaci\u00f3n o en postularse para alguna vacante pueden acudir directamente al m\u00f3dulo instalado en el Palacio Municipal. Asimismo, los empleadores que requieran personal pueden dejar ah\u00ed sus ofertas laborales para facilitar el contacto con los buscadores de empleo.<\/p>\n<p>Esta iniciativa busca apoyar tanto a la poblaci\u00f3n en busca de oportunidades laborales como a los empresarios locales, asegurando que el destino cuente con el personal necesario para atender a los turistas en estas fechas de alta afluencia.<\/p>\n","protected":false},"excerpt":{"rendered":"<p>El Servicio Municipal del Empleo ha instalado un m\u00f3dulo en la planta baja del Palacio Municipal de Tuxpan para brindar<\/p>\n","protected":false},"author":4,"featured_media":59455,"comment_status":"closed","ping_status":"closed","sticky":false,"template":"","format":"standard","meta":{"colormag_page_container_layout":"default_layout","colormag_page_sidebar_layout":"default_layout","_jetpack_memberships_contains_paid_content":false,"footnotes":"","jetpack_publicize_message":"","jetpack_publicize_feature_enabled":true,"jetpack_social_post_already_shared":false,"jetpack_social_options":{"image_generator_settings":{"template":"highway","default_image_id":0,"font":"","enabled":false},"version":2}},"categories":[1082],"tags":[],"class_list":["post-59454","post","type-post","status-publish","format-standard","has-post-thumbnail","hentry","category-tuxpan"],"jetpack_publicize_connections":[],"jetpack_featured_media_url":"https:\/\/i0.wp.com\/politicosaldesnudo.com.mx\/wp-content\/uploads\/2025\/03\/5c-6.jpg?fit=1600%2C1204&ssl=1","jetpack-related-posts":[],"jetpack_sharing_enabled":true,"_links":{"self":[{"href":"https:\/\/politicosaldesnudo.com.mx\/index.php\/wp-json\/wp\/v2\/posts\/59454","targetHints":{"allow":["GET"]}}],"collection":[{"href":"https:\/\/politicosaldesnudo.com.mx\/index.php\/wp-json\/wp\/v2\/posts"}],"about":[{"href":"https:\/\/politicosaldesnudo.com.mx\/index.php\/wp-json\/wp\/v2\/types\/post"}],"author":[{"embeddable":true,"href":"https:\/\/politicosaldesnudo.com.mx\/index.php\/wp-json\/wp\/v2\/users\/4"}],"replies":[{"embeddable":true,"href":"https:\/\/politicosaldesnudo.com.mx\/index.php\/wp-json\/wp\/v2\/comments?post=59454"}],"version-history":[{"count":0,"href":"https:\/\/politicosaldesnudo.com.mx\/index.php\/wp-json\/wp\/v2\/posts\/59454\/revisions"}],"wp:featuredmedia":[{"embeddable":true,"href":"https:\/\/politicosaldesnudo.com.mx\/index.php\/wp-json\/wp\/v2\/media\/59455"}],"wp:attachment":[{"href":"https:\/\/politicosaldesnudo.com.mx\/index.php\/wp-json\/wp\/v2\/media?parent=59454"}],"wp:term":[{"taxonomy":"category","embeddable":true,"href":"https:\/\/politicosaldesnudo.com.mx\/index.php\/wp-json\/wp\/v2\/categories?post=59454"},{"taxonomy":"post_tag","embeddable":true,"href":"https:\/\/politicosaldesnudo.com.mx\/index.php\/wp-json\/wp\/v2\/tags?post=59454"}],"curies":[{"name":"wp","href":"https:\/\/api.w.org\/{rel}","templated":true}]}}