{"id":59555,"date":"2025-03-26T00:11:55","date_gmt":"2025-03-26T06:11:55","guid":{"rendered":"https:\/\/politicosaldesnudo.com.mx\/?p=59555"},"modified":"2025-03-25T21:19:15","modified_gmt":"2025-03-26T03:19:15","slug":"la-mayor-mina-de-carbon-de-al-reducira-su-produccion-en-50","status":"publish","type":"post","link":"https:\/\/politicosaldesnudo.com.mx\/index.php\/2025\/03\/26\/la-mayor-mina-de-carbon-de-al-reducira-su-produccion-en-50\/","title":{"rendered":"La mayor mina de carb\u00f3n de AL reducir\u00e1 su producci\u00f3n en 50%"},"content":{"rendered":"<p class=\"nota-justify\">El mayor yacimiento de carb\u00f3n a cielo abierto de Am\u00e9rica Latina y uno de los m\u00e1s grandes del mundo, ubicado en el norte de Colombia, reducir\u00e1 su producci\u00f3n anual en m\u00e1s de 50 por ciento debido a los altos costos de exportaci\u00f3n.<\/p>\n<p class=\"nota-justify\">\u201cCerrej\u00f3n informa que comenzar\u00e1 a recudir su producci\u00f3n anual entre 5 a 10 millones de toneladas a partir de la fecha\u201d, se\u00f1al\u00f3 este martes en un comunicado la compa\u00f1\u00eda perteneciente a la multinacional suiza Glencore, que en 2024 produjo 19.1 millones de toneladas de carb\u00f3n.<\/p>\n<p class=\"nota-justify\">\u201cLa raz\u00f3n principal de esta reducci\u00f3n se debe a los precios insostenibles del carb\u00f3n t\u00e9rmico transportado v\u00eda mar\u00edtima\u201d, agreg\u00f3.<\/p>\n<p class=\"nota-justify\">Cerrej\u00f3n no especific\u00f3 qu\u00e9 otros factores motivaron el ajuste en la producci\u00f3n.<\/p>\n<p class=\"nota-justify\">En 2023, el presidente de Colombia, el izquierdista Gustavo Petro, anunci\u00f3 que iba a buscar una \u201csalida concertada\u201d de la empresa de su territorio debido a su impacto en el abastecimiento de agua a comunidades ind\u00edgenas.<\/p>\n<p class=\"nota-justify\">En m\u00e1s de cuatro d\u00e9cadas, multinacionales del carb\u00f3n han cavado enormes cr\u00e1teres en el departamento de La Guajira, un territorio des\u00e9rtico a orillas del mar Caribe, golpeado por la pobreza, la corrupci\u00f3n y la escasez de agua potable.<\/p>\n<p class=\"nota-justify\">Petro intenta que Colombia haga una transici\u00f3n energ\u00e9tica y frene el extractivismo para salvar al planeta.<\/p>\n<p class=\"nota-justify\">El mandatario detuvo en 2024 la exportaci\u00f3n del mineral a Israel, del que Colombia es su principal proveedor, como protesta por la guerra en Gaza.<\/p>\n<p class=\"nota-justify\">Cerrej\u00f3n tiene m\u00e1s de 12 mil empleados entre directos y contratistas.<\/p>\n<p class=\"nota-justify\">La empresa aporta 45 por ciento del producto interno bruto de La Guajira, por lo que expertos se\u00f1alan que su eventual salida del pa\u00eds, como pretende Petro, significar\u00eda un fuerte golpe a las finanzas estatales.<\/p>\n","protected":false},"excerpt":{"rendered":"<p>El mayor yacimiento de carb\u00f3n a cielo abierto de Am\u00e9rica Latina y uno de los m\u00e1s grandes del mundo, ubicado<\/p>\n","protected":false},"author":4,"featured_media":59556,"comment_status":"closed","ping_status":"closed","sticky":false,"template":"","format":"standard","meta":{"colormag_page_container_layout":"default_layout","colormag_page_sidebar_layout":"default_layout","_jetpack_memberships_contains_paid_content":false,"footnotes":"","jetpack_publicize_message":"","jetpack_publicize_feature_enabled":true,"jetpack_social_post_already_shared":false,"jetpack_social_options":{"image_generator_settings":{"template":"highway","default_image_id":0,"font":"","enabled":false},"version":2}},"categories":[2050],"tags":[],"class_list":["post-59555","post","type-post","status-publish","format-standard","has-post-thumbnail","hentry","category-economia"],"jetpack_publicize_connections":[],"jetpack_featured_media_url":"https:\/\/i0.wp.com\/politicosaldesnudo.com.mx\/wp-content\/uploads\/2025\/03\/MIN.jpg?fit=707%2C461&ssl=1","jetpack-related-posts":[],"jetpack_sharing_enabled":true,"_links":{"self":[{"href":"https:\/\/politicosaldesnudo.com.mx\/index.php\/wp-json\/wp\/v2\/posts\/59555","targetHints":{"allow":["GET"]}}],"collection":[{"href":"https:\/\/politicosaldesnudo.com.mx\/index.php\/wp-json\/wp\/v2\/posts"}],"about":[{"href":"https:\/\/politicosaldesnudo.com.mx\/index.php\/wp-json\/wp\/v2\/types\/post"}],"author":[{"embeddable":true,"href":"https:\/\/politicosaldesnudo.com.mx\/index.php\/wp-json\/wp\/v2\/users\/4"}],"replies":[{"embeddable":true,"href":"https:\/\/politicosaldesnudo.com.mx\/index.php\/wp-json\/wp\/v2\/comments?post=59555"}],"version-history":[{"count":0,"href":"https:\/\/politicosaldesnudo.com.mx\/index.php\/wp-json\/wp\/v2\/posts\/59555\/revisions"}],"wp:featuredmedia":[{"embeddable":true,"href":"https:\/\/politicosaldesnudo.com.mx\/index.php\/wp-json\/wp\/v2\/media\/59556"}],"wp:attachment":[{"href":"https:\/\/politicosaldesnudo.com.mx\/index.php\/wp-json\/wp\/v2\/media?parent=59555"}],"wp:term":[{"taxonomy":"category","embeddable":true,"href":"https:\/\/politicosaldesnudo.com.mx\/index.php\/wp-json\/wp\/v2\/categories?post=59555"},{"taxonomy":"post_tag","embeddable":true,"href":"https:\/\/politicosaldesnudo.com.mx\/index.php\/wp-json\/wp\/v2\/tags?post=59555"}],"curies":[{"name":"wp","href":"https:\/\/api.w.org\/{rel}","templated":true}]}}