{"id":59732,"date":"2025-03-28T00:08:07","date_gmt":"2025-03-28T06:08:07","guid":{"rendered":"https:\/\/politicosaldesnudo.com.mx\/?p=59732"},"modified":"2025-03-27T23:48:31","modified_gmt":"2025-03-28T05:48:31","slug":"retiro-de-fuero-provoca-reacciones-encontradas-en-el-senado","status":"publish","type":"post","link":"https:\/\/politicosaldesnudo.com.mx\/index.php\/2025\/03\/28\/retiro-de-fuero-provoca-reacciones-encontradas-en-el-senado\/","title":{"rendered":"Retiro de fuero provoca reacciones encontradas en el Senado"},"content":{"rendered":"<p class=\"nota-justify\">La posibilidad de retirar el fuero a los legisladores provoc\u00f3 reacciones encontradas entre los senadores de Morena. La presidenta de la Comisi\u00f3n para la Igualdad de G\u00e9nero, Mal\u00fa Micher, se manifest\u00f3 favor de retirar la inmunidad a los integrantes del Congreso federal, como se propone en una iniciativa presentada en San L\u00e1zaro por su compa\u00f1ero de partido, Alfonso Ram\u00edrez Cu\u00e9llar.<\/p>\n<p class=\"nota-justify\">\u201cNo debe existir privilegios para nadie\u201d recalc\u00f3 Micher, qui\u00e9n advirti\u00f3 que adem\u00e1s de acabar con el fuero, los partidos deben cuidar los perfiles de sus candidatos, tanto a legisladores como a gobernadores\u201d, para no llevar a personajes cuestionados.<\/p>\n<p class=\"nota-justify\">En entrevista aparte, el vicecoordinador de Morena, Ignacio Mier, dijo que dentro de la 4T hay posturas encontradas en torno a ese tema, pero en su caso, respalda la eliminaci\u00f3n del fuero, una propuesta que Morena impuls\u00f3 desde la pasada legislatura.<\/p>\n<p class=\"nota-justify\">Fue, dijo, parte del primer paquete de iniciativas del ex presidente Andr\u00e9s Manuel L\u00f3pez Obrador e inclu\u00eda retirar el fuero al ejecutivo federal y a gobernadores, senadores y diputados, pero la oposici\u00f3n en San L\u00e1zaro la vot\u00f3 en contra.<\/p>\n<p class=\"nota-justify\">Ahora, en que el tema resurgi\u00f3 luego del caso del diputado Morenista, Cuauht\u00e9moc Blanco, el debate tiene que darse, \u201cy creo que se debe retirar el fuero, para estar en la misma condici\u00f3n que el resto de los ciudadanos que nos dieron su voto\u201d-<\/p>\n<p class=\"nota-justify\">En contraparte, el presidente del Senado, Gerardo Fern\u00e1ndez Noro\u00f1a, se manifest\u00f3 en contra de la iniciativa de Ram\u00edrez Cu\u00e9llar, ya que, explic\u00f3, los legisladores quedar\u00edan expuestos a acusaciones de todo tipo, de prefabricaci\u00f3n de delitos \u201cpara impedirle asistir a una sesi\u00f3n o frenar su actividad pol\u00edtica\u201d.<\/p>\n<p class=\"nota-justify\">Record\u00f3 que en el Senado estuvieron a un voto de no lograr la aprobaci\u00f3n de la reforma judicial. Hizo notar que no hay un fuero para los legisladores, similar al que en el caso eclesi\u00e1stico o un fuero militar, sino \u201cinmunidad parlamentaria\u201d para poder cumplir con su responsabilidad, sin estar expuesto a represalias.<\/p>\n<p class=\"nota-justify\">Sin embargo, su compa\u00f1era de bancada, Mal\u00fa Micher, consider\u00f3 que quitar el fuero a los legisladores no los deja desprotegidos, y record\u00f3 el caso del ex presidente Andr\u00e9s Manuel L\u00f3pez Obrador, que fue desaforado, \u201cpero al final se dieron cuenta que era una acusaci\u00f3n verdaderamente rid\u00edcula\u201d.<\/p>\n<p class=\"nota-justify\">Por separado, la senadora de MC, Amalia Garc\u00eda, dijo que los delitos tienen que sancionarse y el fuero debe quedar acotado a proteger las opiniones de los legisladores , a fin de no ser sancionados por el poder p\u00fablico.<\/p>\n","protected":false},"excerpt":{"rendered":"<p>La posibilidad de retirar el fuero a los legisladores provoc\u00f3 reacciones encontradas entre los senadores de Morena. La presidenta de<\/p>\n","protected":false},"author":4,"featured_media":59733,"comment_status":"closed","ping_status":"closed","sticky":false,"template":"","format":"standard","meta":{"colormag_page_container_layout":"default_layout","colormag_page_sidebar_layout":"default_layout","_jetpack_memberships_contains_paid_content":false,"footnotes":"","jetpack_publicize_message":"","jetpack_publicize_feature_enabled":true,"jetpack_social_post_already_shared":false,"jetpack_social_options":{"image_generator_settings":{"template":"highway","default_image_id":0,"font":"","enabled":false},"version":2}},"categories":[33],"tags":[],"class_list":["post-59732","post","type-post","status-publish","format-standard","has-post-thumbnail","hentry","category-nacional"],"jetpack_publicize_connections":[],"jetpack_featured_media_url":"https:\/\/i0.wp.com\/politicosaldesnudo.com.mx\/wp-content\/uploads\/2025\/03\/SEN.jpg?fit=872%2C530&ssl=1","jetpack-related-posts":[],"jetpack_sharing_enabled":true,"_links":{"self":[{"href":"https:\/\/politicosaldesnudo.com.mx\/index.php\/wp-json\/wp\/v2\/posts\/59732","targetHints":{"allow":["GET"]}}],"collection":[{"href":"https:\/\/politicosaldesnudo.com.mx\/index.php\/wp-json\/wp\/v2\/posts"}],"about":[{"href":"https:\/\/politicosaldesnudo.com.mx\/index.php\/wp-json\/wp\/v2\/types\/post"}],"author":[{"embeddable":true,"href":"https:\/\/politicosaldesnudo.com.mx\/index.php\/wp-json\/wp\/v2\/users\/4"}],"replies":[{"embeddable":true,"href":"https:\/\/politicosaldesnudo.com.mx\/index.php\/wp-json\/wp\/v2\/comments?post=59732"}],"version-history":[{"count":0,"href":"https:\/\/politicosaldesnudo.com.mx\/index.php\/wp-json\/wp\/v2\/posts\/59732\/revisions"}],"wp:featuredmedia":[{"embeddable":true,"href":"https:\/\/politicosaldesnudo.com.mx\/index.php\/wp-json\/wp\/v2\/media\/59733"}],"wp:attachment":[{"href":"https:\/\/politicosaldesnudo.com.mx\/index.php\/wp-json\/wp\/v2\/media?parent=59732"}],"wp:term":[{"taxonomy":"category","embeddable":true,"href":"https:\/\/politicosaldesnudo.com.mx\/index.php\/wp-json\/wp\/v2\/categories?post=59732"},{"taxonomy":"post_tag","embeddable":true,"href":"https:\/\/politicosaldesnudo.com.mx\/index.php\/wp-json\/wp\/v2\/tags?post=59732"}],"curies":[{"name":"wp","href":"https:\/\/api.w.org\/{rel}","templated":true}]}}