{"id":59756,"date":"2025-03-28T00:09:09","date_gmt":"2025-03-28T06:09:09","guid":{"rendered":"https:\/\/politicosaldesnudo.com.mx\/?p=59756"},"modified":"2025-03-28T00:09:09","modified_gmt":"2025-03-28T06:09:09","slug":"repudian-artistas-y-gestores-culturales-de-veracruz-fusion-de-dependencias","status":"publish","type":"post","link":"https:\/\/politicosaldesnudo.com.mx\/index.php\/2025\/03\/28\/repudian-artistas-y-gestores-culturales-de-veracruz-fusion-de-dependencias\/","title":{"rendered":"Repudian artistas y gestores culturales de Veracruz fusi\u00f3n de dependencias"},"content":{"rendered":"<p>Artistas y gestores culturales de Veracruz marcharon por las calles de Xalapa para expresar su inconformidad ante la propuesta de fusionar las secretar\u00edas de Turismo y de Cultura.<\/p>\n<p>Con pancartas, expresiones art\u00edsticas y consignas, quienes participaron en las manifestaciones se\u00f1alaron que es necesario que a la cultura se le de su lugar y no sea ofertada como un mero atractivo para visitantes.<\/p>\n<p>Dijeron que la propuesta de la gobernadora Roc\u00edo Nahle Garcia muestra un grave desconocimiento del sector cultural veracruzano, y a\u00fan peor, representa un retroceso en la forma de difusi\u00f3n y apoyo art\u00edstico.<\/p>\n<p>\u201cLas comunidades y organizaciones art\u00edsticas, culturales y creativas del estado de Veracruz, expresamos nuestro desacuerdo con la propuesta de la gobernadora Roc\u00edo Nahle Garcia, respecto a la fusi\u00f3n de la Secretar\u00eda de Cultura y la Secretar\u00eda de Turismo en una sola dependencia, bajo el argumento de optimizar recursos y fortalecer la promoci\u00f3n de nuestra entidad en el \u00e1mbito nacional e internacional, ya que dichas dependencias responden a distintos prop\u00f3sitos, agendas y necesidades\u201d, apuntaron.<\/p>\n<p>Recordaron que la Secretar\u00eda de Cultura de Veracruz, la cual tiene menos de un a\u00f1o de haber sido creada, debe ocuparse de funciones como la promoci\u00f3n cultural, el dise\u00f1o de pol\u00edticas p\u00fablicas relacionadas al tema, la vinculaci\u00f3n de los temas culturales con el desarrollo sostenible, entre otras tareas.<\/p>\n<p>Consideraron que en el estado se debe consolidar el acceso de las y los ciudadanos a la vida cultural, pues actualmente no ocurre de esta manera en la entidad veracruzana.<\/p>\n<p>Por ello, dijeron que es necesario que se dialogue con los artistas y gestores culturales de la regi\u00f3n, para en conjunto generar programas y estrategias que ayuden a llevar la cultura a todos y todas.<\/p>\n<p>\u201cEn Veracruz, las y los agentes culturales sabemos impulsar, promover, gestionar, administrar, difundir, habitar y disfrutar, nuestra diversidad y riqueza creativa, art\u00edstica y cultural, (\u2026) promovemos la participaci\u00f3n, hacemos comunidad y ejercemos nuestros derechos culturales\u201d, aseguraron.<\/p>\n<p>Este d\u00eda, los sonidos de las jaranas y las arpas junto al grito \u201cno a la fusi\u00f3n\u201d, inundaron las calles de la ciudad que alguna vez fue conocida como la atenas veracruzana.<\/p>\n","protected":false},"excerpt":{"rendered":"<p>Artistas y gestores culturales de Veracruz marcharon por las calles de Xalapa para expresar su inconformidad ante la propuesta de<\/p>\n","protected":false},"author":4,"featured_media":59757,"comment_status":"closed","ping_status":"closed","sticky":false,"template":"","format":"standard","meta":{"colormag_page_container_layout":"default_layout","colormag_page_sidebar_layout":"default_layout","_jetpack_memberships_contains_paid_content":false,"footnotes":"","jetpack_publicize_message":"","jetpack_publicize_feature_enabled":true,"jetpack_social_post_already_shared":false,"jetpack_social_options":{"image_generator_settings":{"template":"highway","default_image_id":0,"font":"","enabled":false},"version":2}},"categories":[30],"tags":[],"class_list":["post-59756","post","type-post","status-publish","format-standard","has-post-thumbnail","hentry","category-estados"],"jetpack_publicize_connections":[],"jetpack_featured_media_url":"https:\/\/i0.wp.com\/politicosaldesnudo.com.mx\/wp-content\/uploads\/2025\/03\/ART.jpg?fit=808%2C547&ssl=1","jetpack-related-posts":[],"jetpack_sharing_enabled":true,"_links":{"self":[{"href":"https:\/\/politicosaldesnudo.com.mx\/index.php\/wp-json\/wp\/v2\/posts\/59756","targetHints":{"allow":["GET"]}}],"collection":[{"href":"https:\/\/politicosaldesnudo.com.mx\/index.php\/wp-json\/wp\/v2\/posts"}],"about":[{"href":"https:\/\/politicosaldesnudo.com.mx\/index.php\/wp-json\/wp\/v2\/types\/post"}],"author":[{"embeddable":true,"href":"https:\/\/politicosaldesnudo.com.mx\/index.php\/wp-json\/wp\/v2\/users\/4"}],"replies":[{"embeddable":true,"href":"https:\/\/politicosaldesnudo.com.mx\/index.php\/wp-json\/wp\/v2\/comments?post=59756"}],"version-history":[{"count":0,"href":"https:\/\/politicosaldesnudo.com.mx\/index.php\/wp-json\/wp\/v2\/posts\/59756\/revisions"}],"wp:featuredmedia":[{"embeddable":true,"href":"https:\/\/politicosaldesnudo.com.mx\/index.php\/wp-json\/wp\/v2\/media\/59757"}],"wp:attachment":[{"href":"https:\/\/politicosaldesnudo.com.mx\/index.php\/wp-json\/wp\/v2\/media?parent=59756"}],"wp:term":[{"taxonomy":"category","embeddable":true,"href":"https:\/\/politicosaldesnudo.com.mx\/index.php\/wp-json\/wp\/v2\/categories?post=59756"},{"taxonomy":"post_tag","embeddable":true,"href":"https:\/\/politicosaldesnudo.com.mx\/index.php\/wp-json\/wp\/v2\/tags?post=59756"}],"curies":[{"name":"wp","href":"https:\/\/api.w.org\/{rel}","templated":true}]}}