{"id":59773,"date":"2025-03-28T00:20:56","date_gmt":"2025-03-28T06:20:56","guid":{"rendered":"https:\/\/politicosaldesnudo.com.mx\/?p=59773"},"modified":"2025-03-28T00:20:56","modified_gmt":"2025-03-28T06:20:56","slug":"el-candidato-de-movimiento-en-xalapa","status":"publish","type":"post","link":"https:\/\/politicosaldesnudo.com.mx\/index.php\/2025\/03\/28\/el-candidato-de-movimiento-en-xalapa\/","title":{"rendered":"El candidato de Movimiento en Xalapa"},"content":{"rendered":"<ul>\n<li style=\"font-weight: 400;\"><strong>Feliz por el apoyo recibido de la ciudadan\u00eda y el apoyo moral<\/strong><\/li>\n<li style=\"font-weight: 400;\"><strong>Sorprendido por c\u00f3mo el oficialismo se burla del \u00e1rbitro electoral<\/strong><\/li>\n<li style=\"font-weight: 400;\"><strong>Presentando las denuncias por actos anticipados de campa\u00f1a<\/strong><\/li>\n<\/ul>\n<p style=\"font-weight: 400;\"><strong>Por Miguel \u00c1ngel Cristiani G.<\/strong><\/p>\n<p style=\"font-weight: 400;\">En una pl\u00e1tica informal con el empresario Rom\u00e1n Moreno, candidato de Movimiento Ciudadano a la presidencia municipal de Xalapa, con un grupo de reporteros y columnistas de la capital del estado, nos confes\u00f3 \u201cestoy feliz, contento y como dicen, me la voy creyendo d\u00eda a d\u00eda, por todas las personas tan valiosas que nos siguen dando las muestras de efecto y de apoyo moral y de y de cari\u00f1o.\u201d<\/p>\n<p style=\"font-weight: 400;\">Afirm\u00f3 estar sorprendido, tambi\u00e9n debo decirlo, en la manera que el oficialismo sigue haciendo pie en burlar las leyes en realmente estar haciendo de una manera de triqui\u00f1uelas con sus nombramientos que se dieron ya para estar saliendo a las calles, que es a ojos vistos, actos anticipados de campa\u00f1a y hoy en d\u00eda lo que seguimos viendo que ese oficialismo no tan solo burla al \u00e1rbitro, sino que se burla de la ciudadan\u00eda, el d\u00eda de ayer est\u00e1bamos viendo un muchachito del partido sat\u00e9lite que anda ofreciendo ya obra a nombre de la Gobernadora, cuando es aspirante y todav\u00eda ni oficializado a la regidur\u00eda y yo creo que esos son unas muestras muy viles en lo personal hemos ido respetuosos de los tiempos respetuosos de la ley pero sobre todo de la ciudadan\u00eda, no queremos iniciar mal un proceso.<\/p>\n<p style=\"font-weight: 400;\">Me fortalece mucho que Luis Sardi\u00f1a Salgado, precisamente como ciudadano, con todo su conocimiento, est\u00e9 y vaya decidido, apuntalar primeramente un proyecto a largo plazo, pero tambi\u00e9n contento porque efectivamente lo conozco de a\u00f1os, se lo comprometido que es, s\u00e9 lo que el hombre representa en Xalapa y en Veracruz y que efectivamente como ciudadano viene con nosotros a fortalecernos.<\/p>\n<p style=\"font-weight: 400;\">\u00a0Les digo que si estoy sorprendiendo, de alguna manera, nosotros hemos hecho ya lo debido, las quejas hemos estado armando las carpetas del mal uso que hacen de los de los establecimientos p\u00fablicos, de la nula informaci\u00f3n que tenemos por parte de los lugares que est\u00e1n ocupando para hacer sus reuniones el partido oficial y si no es triste, si es lamentable que hagan valer desde antes de que inicie un proceso esa arbitrariedad.<\/p>\n<p style=\"font-weight: 400;\">Nosotros efectivamente estamos sumando afectos, sumando personas y sobre todo hombres y mujeres no nombres, y eso es algo muy importante y muy valioso que en un caf\u00e9, efectivamente como el d\u00eda de ayer, se acerquen amigos y tengan a bien sumarse varios y se haga una mesa grande y que lo manejen de una manera un tanto vil, como si estuvi\u00e9ramos ah\u00ed organizando un golpe de Estado, estuvi\u00e9ramos haciendo la bomba at\u00f3mica, cuando el \u00fanico prop\u00f3sito es como ahorita estar platicando y compartiendo diferentes puntos de vista.<\/p>\n<p style=\"font-weight: 400;\">Decirles que en lo personal estoy muy contento, estuvimos la semana pasada en la ciudad de Monterrey donde fue un evento bastante emotivo en por situaci\u00f3n de que Luis Donaldo haya tomado la palabra y en el d\u00eda del aniversario luctuoso de su padre, pues haya hecho un pronunciamiento que para todos lo hayan tomado como el famoso destape, pero m\u00e1s que otra cosa, es la invitaci\u00f3n a seguir trabajando comprometidos con un personaje que ha sido icono y que hoy en d\u00eda Movimiento Ciudadano tiene a la semilla y que muchos creemos y lo vemos como como un gran personaje y sin duda alguna esencial para el 2030.<\/p>\n<p style=\"font-weight: 400;\">Me pongo a sus \u00f3rdenes, feliz porque hoy s\u00ed en d\u00eda les digo, que ya me la ya me la estoy creyendo, y sobre todo por las muestras de cari\u00f1o con la ciudadan\u00eda, eso es m\u00e1s satisfactorio que el que el color naranja lo identifiquen de una manera bonachona, que se hab\u00edan recibido que la que la persona nos tomen de buena manera, y para m\u00ed es digno de orgullo y as\u00ed mismo reitero que gente tan valiosa como como Luis Sardi\u00f1a Salgado de entrada, haga pronunciamientos duros y claros porque pues no vendr\u00eda a echar relajo, porque vamos en un proyecto muy s\u00f3lido, y muy fortalecido.<\/p>\n<p style=\"font-weight: 400;\">Le preguntamos \u00bfEn qu\u00e9 fundamentas tu optimismo para poder vencer al partido oficialista?<\/p>\n<p style=\"font-weight: 400;\">Dos cosas que he repetido, nosotros no nos enfrentamos contra un candidato de Morena al que pongan es lo mismo, es m\u00e1s o sea no le juegan a la persona, ni a la figura, no hay perfiles, es a la marca y contra eso nos enfrentamos, a que creo yo precisamente, por lo que digo de haber ya caminando la colonia con esa gente que creen que est\u00e1n presos por un programa social, porque hoy en d\u00eda ya saben que su programa los tienen seguro, y ha pensado, esa misma gente que recibe el programa a m\u00ed de manera personal, me lo han dicho, esto no nos lo quitan, pero ya necesitamos sacarlos vamos a apoyarlo joven y eso me fortalece y ese es el term\u00f3metro que traigo de la gente, que va a votar, de la gente de a pie, la gente de las calles, que cre\u00edan y que era cierto que era determinante, que estaban presas sujetas de ese programa y apoyos.<\/p>\n<p style=\"font-weight: 400;\">Para m\u00e1s informaci\u00f3n consulta nuestra p\u00e1gina\u00a0<a href=\"https:\/\/draft.blogger.com\/blog\/post\/edit\/639775545049960009\/8252343985455745776\" data-saferedirecturl=\"https:\/\/www.google.com\/url?q=https:\/\/draft.blogger.com\/blog\/post\/edit\/639775545049960009\/8252343985455745776&amp;source=gmail&amp;ust=1743229011475000&amp;usg=AOvVaw33ys9EC-A9G2PAec_Djazy\">https:\/\/www.xn--bitacoraspolticas-ovb.com\/<\/a><\/p>\n<p><img data-recalc-dims=\"1\" loading=\"lazy\" decoding=\"async\" class=\"aligncenter size-full wp-image-59628\" src=\"https:\/\/i0.wp.com\/politicosaldesnudo.com.mx\/wp-content\/uploads\/2025\/03\/FIRMA-EDITORIAL-PD-7.jpg?resize=800%2C98&#038;ssl=1\" alt=\"\" width=\"800\" height=\"98\" srcset=\"https:\/\/i0.wp.com\/politicosaldesnudo.com.mx\/wp-content\/uploads\/2025\/03\/FIRMA-EDITORIAL-PD-7.jpg?w=1024&amp;ssl=1 1024w, https:\/\/i0.wp.com\/politicosaldesnudo.com.mx\/wp-content\/uploads\/2025\/03\/FIRMA-EDITORIAL-PD-7.jpg?resize=300%2C37&amp;ssl=1 300w, https:\/\/i0.wp.com\/politicosaldesnudo.com.mx\/wp-content\/uploads\/2025\/03\/FIRMA-EDITORIAL-PD-7.jpg?resize=768%2C94&amp;ssl=1 768w\" sizes=\"auto, (max-width: 800px) 100vw, 800px\" \/><\/p>\n","protected":false},"excerpt":{"rendered":"<p>Feliz por el apoyo recibido de la ciudadan\u00eda y el apoyo moral Sorprendido por c\u00f3mo el oficialismo se burla del<\/p>\n","protected":false},"author":4,"featured_media":46060,"comment_status":"closed","ping_status":"closed","sticky":false,"template":"","format":"standard","meta":{"colormag_page_container_layout":"default_layout","colormag_page_sidebar_layout":"default_layout","_jetpack_memberships_contains_paid_content":false,"footnotes":"","jetpack_publicize_message":"","jetpack_publicize_feature_enabled":true,"jetpack_social_post_already_shared":false,"jetpack_social_options":{"image_generator_settings":{"template":"highway","default_image_id":0,"font":"","enabled":false},"version":2}},"categories":[26],"tags":[],"class_list":["post-59773","post","type-post","status-publish","format-standard","has-post-thumbnail","hentry","category-columnistas"],"jetpack_publicize_connections":[],"jetpack_featured_media_url":"https:\/\/i0.wp.com\/politicosaldesnudo.com.mx\/wp-content\/uploads\/2024\/09\/CRISTIANI-2.jpg?fit=800%2C445&ssl=1","jetpack-related-posts":[],"jetpack_sharing_enabled":true,"_links":{"self":[{"href":"https:\/\/politicosaldesnudo.com.mx\/index.php\/wp-json\/wp\/v2\/posts\/59773","targetHints":{"allow":["GET"]}}],"collection":[{"href":"https:\/\/politicosaldesnudo.com.mx\/index.php\/wp-json\/wp\/v2\/posts"}],"about":[{"href":"https:\/\/politicosaldesnudo.com.mx\/index.php\/wp-json\/wp\/v2\/types\/post"}],"author":[{"embeddable":true,"href":"https:\/\/politicosaldesnudo.com.mx\/index.php\/wp-json\/wp\/v2\/users\/4"}],"replies":[{"embeddable":true,"href":"https:\/\/politicosaldesnudo.com.mx\/index.php\/wp-json\/wp\/v2\/comments?post=59773"}],"version-history":[{"count":0,"href":"https:\/\/politicosaldesnudo.com.mx\/index.php\/wp-json\/wp\/v2\/posts\/59773\/revisions"}],"wp:featuredmedia":[{"embeddable":true,"href":"https:\/\/politicosaldesnudo.com.mx\/index.php\/wp-json\/wp\/v2\/media\/46060"}],"wp:attachment":[{"href":"https:\/\/politicosaldesnudo.com.mx\/index.php\/wp-json\/wp\/v2\/media?parent=59773"}],"wp:term":[{"taxonomy":"category","embeddable":true,"href":"https:\/\/politicosaldesnudo.com.mx\/index.php\/wp-json\/wp\/v2\/categories?post=59773"},{"taxonomy":"post_tag","embeddable":true,"href":"https:\/\/politicosaldesnudo.com.mx\/index.php\/wp-json\/wp\/v2\/tags?post=59773"}],"curies":[{"name":"wp","href":"https:\/\/api.w.org\/{rel}","templated":true}]}}