{"id":59804,"date":"2025-03-29T00:02:45","date_gmt":"2025-03-29T06:02:45","guid":{"rendered":"https:\/\/politicosaldesnudo.com.mx\/?p=59804"},"modified":"2025-03-28T21:40:24","modified_gmt":"2025-03-29T03:40:24","slug":"tuxpan-se-prepara-para-la-temporada-vacacional","status":"publish","type":"post","link":"https:\/\/politicosaldesnudo.com.mx\/index.php\/2025\/03\/29\/tuxpan-se-prepara-para-la-temporada-vacacional\/","title":{"rendered":"Tuxpan se prepara para la temporada vacacional"},"content":{"rendered":"<p>De cara a la pr\u00f3xima temporada vacacional, el alcalde de Tuxpan, Jes\u00fas Fomperoza Torres, inform\u00f3 que su administraci\u00f3n ya est\u00e1 llevando a cabo reuniones estrat\u00e9gicas con diversas fuerzas operativas para garantizar la seguridad y el bienestar de los turistas que visiten el puerto.<\/p>\n<p>En entrevista, el edil destac\u00f3 que han sostenido encuentros con operativos de servicios generales, seguridad p\u00fablica y otras \u00e1reas clave para coordinar acciones. Entre las principales prioridades se encuentran la recolecci\u00f3n oportuna de basura y la seguridad en el municipio, contando con el respaldo de los tres niveles de gobierno.<\/p>\n<p>\u201cHemos estado en constante coordinaci\u00f3n con los directores de cada \u00e1rea para garantizar que los visitantes disfruten de nuestro bello puerto con tranquilidad. La seguridad est\u00e1 asegurada sin ning\u00fan problema\u201d, afirm\u00f3 Fomperoza Torres.<\/p>\n<p>Sobre la afluencia esperada de turistas, el alcalde se\u00f1al\u00f3 que, aunque no cuenta con cifras exactas, se prev\u00e9 una gran afluencia de visitantes, tomando como referencia el reciente fin de semana largo en el que el municipio estuvo a su m\u00e1xima capacidad.<\/p>\n<p>De esta forma, el Ayuntamiento de Tuxpan busca consolidarse como un destino tur\u00edstico seguro y ordenado, garantizando una experiencia \u00f3ptima para residentes y visitantes durante la temporada vacacional.<\/p>\n","protected":false},"excerpt":{"rendered":"<p>De cara a la pr\u00f3xima temporada vacacional, el alcalde de Tuxpan, Jes\u00fas Fomperoza Torres, inform\u00f3 que su administraci\u00f3n ya est\u00e1<\/p>\n","protected":false},"author":4,"featured_media":59805,"comment_status":"closed","ping_status":"closed","sticky":false,"template":"","format":"standard","meta":{"colormag_page_container_layout":"default_layout","colormag_page_sidebar_layout":"default_layout","_jetpack_memberships_contains_paid_content":false,"footnotes":"","jetpack_publicize_message":"","jetpack_publicize_feature_enabled":true,"jetpack_social_post_already_shared":false,"jetpack_social_options":{"image_generator_settings":{"template":"highway","default_image_id":0,"font":"","enabled":false},"version":2}},"categories":[1082],"tags":[],"class_list":["post-59804","post","type-post","status-publish","format-standard","has-post-thumbnail","hentry","category-tuxpan"],"jetpack_publicize_connections":[],"jetpack_featured_media_url":"https:\/\/i0.wp.com\/politicosaldesnudo.com.mx\/wp-content\/uploads\/2025\/03\/4a-6.jpg?fit=1600%2C1060&ssl=1","jetpack-related-posts":[],"jetpack_sharing_enabled":true,"_links":{"self":[{"href":"https:\/\/politicosaldesnudo.com.mx\/index.php\/wp-json\/wp\/v2\/posts\/59804","targetHints":{"allow":["GET"]}}],"collection":[{"href":"https:\/\/politicosaldesnudo.com.mx\/index.php\/wp-json\/wp\/v2\/posts"}],"about":[{"href":"https:\/\/politicosaldesnudo.com.mx\/index.php\/wp-json\/wp\/v2\/types\/post"}],"author":[{"embeddable":true,"href":"https:\/\/politicosaldesnudo.com.mx\/index.php\/wp-json\/wp\/v2\/users\/4"}],"replies":[{"embeddable":true,"href":"https:\/\/politicosaldesnudo.com.mx\/index.php\/wp-json\/wp\/v2\/comments?post=59804"}],"version-history":[{"count":0,"href":"https:\/\/politicosaldesnudo.com.mx\/index.php\/wp-json\/wp\/v2\/posts\/59804\/revisions"}],"wp:featuredmedia":[{"embeddable":true,"href":"https:\/\/politicosaldesnudo.com.mx\/index.php\/wp-json\/wp\/v2\/media\/59805"}],"wp:attachment":[{"href":"https:\/\/politicosaldesnudo.com.mx\/index.php\/wp-json\/wp\/v2\/media?parent=59804"}],"wp:term":[{"taxonomy":"category","embeddable":true,"href":"https:\/\/politicosaldesnudo.com.mx\/index.php\/wp-json\/wp\/v2\/categories?post=59804"},{"taxonomy":"post_tag","embeddable":true,"href":"https:\/\/politicosaldesnudo.com.mx\/index.php\/wp-json\/wp\/v2\/tags?post=59804"}],"curies":[{"name":"wp","href":"https:\/\/api.w.org\/{rel}","templated":true}]}}