{"id":59816,"date":"2025-03-29T00:02:48","date_gmt":"2025-03-29T06:02:48","guid":{"rendered":"https:\/\/politicosaldesnudo.com.mx\/?p=59816"},"modified":"2025-03-28T22:09:14","modified_gmt":"2025-03-29T04:09:14","slug":"destaca-sheinbaum-aportaciones-de-connacionales-en-reunion-con-noem","status":"publish","type":"post","link":"https:\/\/politicosaldesnudo.com.mx\/index.php\/2025\/03\/29\/destaca-sheinbaum-aportaciones-de-connacionales-en-reunion-con-noem\/","title":{"rendered":"Destaca Sheinbaum aportaciones de connacionales en reuni\u00f3n con Noem"},"content":{"rendered":"<p class=\"nota-justify\">En la reuni\u00f3n que sostuvo este viernes con la secretaria de Seguridad Nacional de Estados Unidos, Kristi Noem, la presidenta Claudia Sheinbaum Pardo destac\u00f3 las aportaciones de las y los millones de mexicanos que viven en aquel pa\u00eds, mientras que la funcionaria del gobierno de Donald Trump se\u00f1al\u00f3 que su naci\u00f3n respeta la soberan\u00eda mexicana.<\/p>\n<p class=\"nota-justify\">De acuerdo con un comunicado de la Secretar\u00eda de Relaciones Exteriores (SRE), en la reuni\u00f3n de poco m\u00e1s de dos horas celebrada en Palacio Nacional, Sheinbaum y Noem, junto con sus respectivas delegaciones de funcionarios, conversaron sobre los avances en la cooperaci\u00f3n binacional en materia de migraci\u00f3n y de seguridad, sobre los principios de responsabilidad compartida, confianza mutua, respeto a la soberan\u00eda, coordinaci\u00f3n sin subordinaci\u00f3n y respeto a los derechos humanos.<\/p>\n<p class=\"nota-justify\">Despu\u00e9s del encuentro, el secretario de Relaciones Exteriores de M\u00e9xico, Juan Ram\u00f3n de la fuente, y la secretaria Kristi Noem, ratificaron la vigencia del memor\u00e1ndum de entendimiento para facilitar la celebraci\u00f3n de enlaces en sus respectivas instalaciones de gesti\u00f3n de riesgos y selecci\u00f3n de objetivos, firmado el 19 de julio de 2022 entre la Agencia Nacional de Aduanas de M\u00e9xico y la Agencia de Aduanas de M\u00e9xico y Aduanas y Protecci\u00f3n de la Frontera de Estados Unidos.<\/p>\n<p class=\"nota-justify\">La presidenta Sheinbaum estuvo acompa\u00f1ada por el secretario de Relaciones Exteriores, Juan Ram\u00f3n de la Fuente; la secretaria de Gobernaci\u00f3n, Rosa Icela Rodr\u00edguez Vel\u00e1zquez; el secretario de Seguridad y Protecci\u00f3n Ciudadana, Omar Garc\u00eda Harfuch; el subsecretario de Derechos Humanos, Poblaci\u00f3n y Migraci\u00f3n de la Secretar\u00eda de Gobernaci\u00f3n, F\u00e9lix Arturo Medina Padilla; el subsecretario de Seguridad P\u00fablica, H\u00e9ctor Elizalde Mora; el jefe de Unidad para Am\u00e9rica del Norte de la Secretar\u00eda de Relaciones Exteriores, Roberto Velasco \u00c1lvarez; el comisionado del Instituto Nacional de Migraci\u00f3n, Francisco Gardu\u00f1o Y\u00e1\u00f1ez; y el director general de dicha instituci\u00f3n, Sergio Salom\u00f3n C\u00e9spedes.<\/p>\n<p class=\"nota-justify\">Por\u00a0\u00a0parte del gobierno estadounidense asistieron: el asesor del Departamento de Seguridad Nacional, Corey Lewandowski; el encargado de Negocios a.i. de la embajada, Mark C. Johnson; el jefe de Oficina del Departamento de Seguridad Nacional, Steven Mu\u00f1oz; la subdirectora del Servicio de Inmigraci\u00f3n y Control de Aduanas, Madison Sheahan; y el agregado del Departamento de Seguridad Nacional en la embajada, Bobby Garc\u00eda.<\/p>\n","protected":false},"excerpt":{"rendered":"<p>En la reuni\u00f3n que sostuvo este viernes con la secretaria de Seguridad Nacional de Estados Unidos, Kristi Noem, la presidenta<\/p>\n","protected":false},"author":4,"featured_media":59817,"comment_status":"closed","ping_status":"closed","sticky":false,"template":"","format":"standard","meta":{"colormag_page_container_layout":"default_layout","colormag_page_sidebar_layout":"default_layout","_jetpack_memberships_contains_paid_content":false,"footnotes":"","jetpack_publicize_message":"","jetpack_publicize_feature_enabled":true,"jetpack_social_post_already_shared":false,"jetpack_social_options":{"image_generator_settings":{"template":"highway","default_image_id":0,"font":"","enabled":false},"version":2}},"categories":[33],"tags":[],"class_list":["post-59816","post","type-post","status-publish","format-standard","has-post-thumbnail","hentry","category-nacional"],"jetpack_publicize_connections":[],"jetpack_featured_media_url":"https:\/\/i0.wp.com\/politicosaldesnudo.com.mx\/wp-content\/uploads\/2025\/03\/TORTI.jpg?fit=771%2C523&ssl=1","jetpack-related-posts":[],"jetpack_sharing_enabled":true,"_links":{"self":[{"href":"https:\/\/politicosaldesnudo.com.mx\/index.php\/wp-json\/wp\/v2\/posts\/59816","targetHints":{"allow":["GET"]}}],"collection":[{"href":"https:\/\/politicosaldesnudo.com.mx\/index.php\/wp-json\/wp\/v2\/posts"}],"about":[{"href":"https:\/\/politicosaldesnudo.com.mx\/index.php\/wp-json\/wp\/v2\/types\/post"}],"author":[{"embeddable":true,"href":"https:\/\/politicosaldesnudo.com.mx\/index.php\/wp-json\/wp\/v2\/users\/4"}],"replies":[{"embeddable":true,"href":"https:\/\/politicosaldesnudo.com.mx\/index.php\/wp-json\/wp\/v2\/comments?post=59816"}],"version-history":[{"count":0,"href":"https:\/\/politicosaldesnudo.com.mx\/index.php\/wp-json\/wp\/v2\/posts\/59816\/revisions"}],"wp:featuredmedia":[{"embeddable":true,"href":"https:\/\/politicosaldesnudo.com.mx\/index.php\/wp-json\/wp\/v2\/media\/59817"}],"wp:attachment":[{"href":"https:\/\/politicosaldesnudo.com.mx\/index.php\/wp-json\/wp\/v2\/media?parent=59816"}],"wp:term":[{"taxonomy":"category","embeddable":true,"href":"https:\/\/politicosaldesnudo.com.mx\/index.php\/wp-json\/wp\/v2\/categories?post=59816"},{"taxonomy":"post_tag","embeddable":true,"href":"https:\/\/politicosaldesnudo.com.mx\/index.php\/wp-json\/wp\/v2\/tags?post=59816"}],"curies":[{"name":"wp","href":"https:\/\/api.w.org\/{rel}","templated":true}]}}