{"id":59819,"date":"2025-03-29T00:03:07","date_gmt":"2025-03-29T06:03:07","guid":{"rendered":"https:\/\/politicosaldesnudo.com.mx\/?p=59819"},"modified":"2025-03-28T22:11:36","modified_gmt":"2025-03-29T04:11:36","slug":"se-unen-conanp-y-asea-para-restaurar-areas-naturales-protegidas","status":"publish","type":"post","link":"https:\/\/politicosaldesnudo.com.mx\/index.php\/2025\/03\/29\/se-unen-conanp-y-asea-para-restaurar-areas-naturales-protegidas\/","title":{"rendered":"Se unen Conanp y ASEA para restaurar \u00c1reas Naturales Protegidas"},"content":{"rendered":"<p class=\"nota-justify\">La Comisi\u00f3n Nacional de \u00c1reas Naturales Protegidas (Conanp) y la Agencia de Seguridad, Energ\u00eda y Ambiente (ASEA), firmaron un convenio de colaboraci\u00f3n para difundir y poner en marcha proyectos que apoyen a la conservaci\u00f3n, remediaci\u00f3n o restauraci\u00f3n de las \u00c1reas Naturales Protegidas (ANP) federales.<\/p>\n<p class=\"nota-justify\">En el marco del d\u00e9cimo aniversario de la creaci\u00f3n del ASEA, signaron este acuerdo que permite a empresas p\u00fablicas y privadas, reguladas por la Ley de ASEA, actuar a favor de las ANP con el modelo de compensaci\u00f3n ambiental y conmutaci\u00f3n de multa. \u201cEs decir, quienes desarrollan actividades en el sector de hidrocarburos e incurran en una infracci\u00f3n ambiental tendr\u00e1n la oportunidad de enmendar el da\u00f1o implementando medidas de conservaci\u00f3n en ANP\u201d, se explic\u00f3 en un comunicado.<\/p>\n<p class=\"nota-justify\">El convenio tambi\u00e9n insta a los organismos a identificar las \u00c1reas Naturales Protegidas y zonas que requieran acciones de conservaci\u00f3n, as\u00ed como proponer proyectos destinados a conmutar las multas impuestas por ASEA para que los regulados puedan financiar iniciativas en estas.<\/p>\n<p class=\"nota-justify\">En la celebraci\u00f3n, Alicia B\u00e1rcena Ibarra, titular de la Secretar\u00eda de Medio Ambiente y Recursos Naturales (Semarnat), destac\u00f3 de manera favorable esta forma de compensar los da\u00f1os al entorno, ya que se beneficia de manera directa a las ANP y comunidades.<\/p>\n<p class=\"nota-justify\">Dijo que pronto anunciar\u00e1n un acuerdo nacional de bosques, selvas y manglares. \u201cNos interesa recuperar los manglares del pa\u00eds, donde se da la mayor productividad pesquera, por cierto, y que nos defiende de los desastres naturales\u201d.<\/p>\n<p class=\"nota-justify\">En otro asunto, la Conanp dio a conocer que en coordinaci\u00f3n con la UNESCO y financiado por la compa\u00f1\u00eda Dior, puso en marcha el proyecto \u201cActividades de Fortalecimiento de gesti\u00f3n de la Biosfera Mariposa Monarca, M\u00e9xico\u201d, que fortalecer\u00e1 las actividades tur\u00edsticas y productivas de las comunidades locales.<\/p>\n","protected":false},"excerpt":{"rendered":"<p>La Comisi\u00f3n Nacional de \u00c1reas Naturales Protegidas (Conanp) y la Agencia de Seguridad, Energ\u00eda y Ambiente (ASEA), firmaron un convenio<\/p>\n","protected":false},"author":4,"featured_media":59820,"comment_status":"closed","ping_status":"closed","sticky":false,"template":"","format":"standard","meta":{"colormag_page_container_layout":"default_layout","colormag_page_sidebar_layout":"default_layout","_jetpack_memberships_contains_paid_content":false,"footnotes":"","jetpack_publicize_message":"","jetpack_publicize_feature_enabled":true,"jetpack_social_post_already_shared":false,"jetpack_social_options":{"image_generator_settings":{"template":"highway","default_image_id":0,"font":"","enabled":false},"version":2}},"categories":[33],"tags":[],"class_list":["post-59819","post","type-post","status-publish","format-standard","has-post-thumbnail","hentry","category-nacional"],"jetpack_publicize_connections":[],"jetpack_featured_media_url":"https:\/\/i0.wp.com\/politicosaldesnudo.com.mx\/wp-content\/uploads\/2025\/03\/CONA.jpg?fit=787%2C504&ssl=1","jetpack-related-posts":[],"jetpack_sharing_enabled":true,"_links":{"self":[{"href":"https:\/\/politicosaldesnudo.com.mx\/index.php\/wp-json\/wp\/v2\/posts\/59819","targetHints":{"allow":["GET"]}}],"collection":[{"href":"https:\/\/politicosaldesnudo.com.mx\/index.php\/wp-json\/wp\/v2\/posts"}],"about":[{"href":"https:\/\/politicosaldesnudo.com.mx\/index.php\/wp-json\/wp\/v2\/types\/post"}],"author":[{"embeddable":true,"href":"https:\/\/politicosaldesnudo.com.mx\/index.php\/wp-json\/wp\/v2\/users\/4"}],"replies":[{"embeddable":true,"href":"https:\/\/politicosaldesnudo.com.mx\/index.php\/wp-json\/wp\/v2\/comments?post=59819"}],"version-history":[{"count":0,"href":"https:\/\/politicosaldesnudo.com.mx\/index.php\/wp-json\/wp\/v2\/posts\/59819\/revisions"}],"wp:featuredmedia":[{"embeddable":true,"href":"https:\/\/politicosaldesnudo.com.mx\/index.php\/wp-json\/wp\/v2\/media\/59820"}],"wp:attachment":[{"href":"https:\/\/politicosaldesnudo.com.mx\/index.php\/wp-json\/wp\/v2\/media?parent=59819"}],"wp:term":[{"taxonomy":"category","embeddable":true,"href":"https:\/\/politicosaldesnudo.com.mx\/index.php\/wp-json\/wp\/v2\/categories?post=59819"},{"taxonomy":"post_tag","embeddable":true,"href":"https:\/\/politicosaldesnudo.com.mx\/index.php\/wp-json\/wp\/v2\/tags?post=59819"}],"curies":[{"name":"wp","href":"https:\/\/api.w.org\/{rel}","templated":true}]}}