{"id":5998,"date":"2022-05-31T07:15:41","date_gmt":"2022-05-31T12:15:41","guid":{"rendered":"https:\/\/politicosaldesnudo.com.mx\/?p=5998"},"modified":"2022-05-31T07:15:41","modified_gmt":"2022-05-31T12:15:41","slug":"justicia-sin-dependencias","status":"publish","type":"post","link":"https:\/\/politicosaldesnudo.com.mx\/index.php\/2022\/05\/31\/justicia-sin-dependencias\/","title":{"rendered":"Justicia sin dependencias"},"content":{"rendered":"<p>&nbsp;<\/p>\n<p><span style=\"font-size: 18pt;\"><strong>Por Alberto Woolrich Ort\u00edz<\/strong><\/span><\/p>\n<p class=\"p1\"><span style=\"font-size: 14pt;\">Todos los hombres<span class=\"Apple-converted-space\">\u00a0 <\/span>que se precian de conocer las leyes de la Rep\u00fablica bien saben que cuando se trata de defender, es necesario que ejerciten sus funciones propias, sin depender absolutamente de nadie, ni de las autoridades, ni de los jueces y a\u00fan menos del poder ejecutivo; como abogados \u201cno pretendemos tener ning\u00fan inferior, pero tampoco reconocemos ning\u00fan superior\u201d, los versados en Derecho siempre hablan de igual a igual; sin las ligaduras que sujetan a los pol\u00edticos.<span class=\"Apple-converted-space\">\u00a0<\/span><\/span><\/p>\n<p class=\"p1\"><span style=\"font-size: 14pt;\">En el neoliberalismo y a\u00fan en \u00e9sta Cuarta Transformaci\u00f3n hay pol\u00edticos que al ejercer lo que dicen ser su arte se consideran as\u00ed mismos infalibles, intocables; justo es reconocer que en sus ritos y a\u00fan m\u00e1s a\u00fan en sus obcecadas costumbres, parecen obedecer al prop\u00f3sito, capricho u ocurrencias de quien resulta ser el presidente en turno. Utilizan todos ellos formulas de tradicional reverencia<span class=\"Apple-converted-space\">\u00a0 <\/span>y sus frases siempre son las mismas &#8212;\u201clo que usted ordene se\u00f1or presidente\u201d&#8212;, &#8212;\u201csu preclaro entendimiento y sabidur\u00eda para gobernar han engrandecido a M\u00e9xico\u201d&#8212;, y as\u00ed sucesivamente. Sin quererlo, todas esas ceremonias de sumisi\u00f3n e indignidad producen<span class=\"Apple-converted-space\">\u00a0 <\/span>en torno a ellos una repulsa nacional.<span class=\"Apple-converted-space\">\u00a0<\/span><\/span><\/p>\n<p class=\"p1\"><span style=\"font-size: 14pt;\">En cambio, la profesi\u00f3n de la abogac\u00eda tiene y contiene grandes diferendos con el arte de la pol\u00edtica. Nosotros replicamos cuando observamos un incorrecto actuar de la autoridad, cuando vemos una mala ley, cuando percibimos un peligro para nuestro M\u00e9xico, acaso producto de una tonter\u00eda o hasta de una mentira tempranera, con ello protestamos y demostramos que los quehaceres pol\u00edticos no son infalibles. <span class=\"Apple-converted-space\">\u00a0<\/span><\/span><\/p>\n<p class=\"p1\"><span style=\"font-size: 14pt;\">\u00c9sta distinta escuela de profesiones o de repulsiones se advierte claramente en \u00e9sta Cuarta Transformaci\u00f3n de la Rep\u00fablica que se dedica al desprestigio de nuestras leyes, no pueden esos pol\u00edticos desligarse del mal habito mental de referencia y de no aceptar la verdad cuando se los refutan sus mentiras.<span class=\"Apple-converted-space\">\u00a0<\/span><\/span><\/p>\n<p class=\"p1\"><span style=\"font-size: 14pt;\">Antigua y reciente es la queja de los pol\u00edticos contra los abogados, a quienes nos acusan de ser los primeros y \u00fanicos responsables del descr\u00e9dito en el cu\u00e1l ha ca\u00eddo la pol\u00edtica; pero los fundamentos de ese malestar, no son ni nuevos, ni singulares.<span class=\"Apple-converted-space\">\u00a0<\/span><\/span><\/p>\n<p class=\"p1\"><span style=\"font-size: 14pt;\">La tenacidad y habilidad de ciertos pol\u00edticos, capaces de hacer aparecer una mentira como verdad, es una amenaza constante a nuestro M\u00e9xico.<span class=\"Apple-converted-space\">\u00a0<\/span><\/span><\/p>\n<p class=\"p1\"><span style=\"font-size: 14pt;\">Son ciertos pol\u00edticos bien identificados quienes, en \u00e9ste momento, pretenden sembrar entre la opini\u00f3n p\u00fablica las sospechas contra los \u201ctraidores a la patria\u201d, todas sus arengas, todas sus fil\u00edpicas, todos sus discursos, todos sus recursos, contienen una cr\u00edtica, forzosamente parcial y, por tanto, casi siempre, tendientes al desprestigio de quienes no piensan como ellos.<span class=\"Apple-converted-space\">\u00a0<\/span><\/span><\/p>\n<p class=\"p1\"><span style=\"font-size: 14pt;\">Pol\u00edticos ingenuos que despu\u00e9s de tantos a\u00f1os de buscar el poder, dejaron de creer en la justicia, en las leyes, en nuestra Constituci\u00f3n Pol\u00edtica de los Estados Unidos Mexicanos. La justicia est\u00e1 ah\u00ed y es necesaria y M\u00e9xico quiere que prevalezca sobre la pol\u00edtica. Ahora ustedes se\u00f1ores pol\u00edticos van a escuchar a la abogac\u00eda la que les har\u00e1 comprender que la justicia no se encuentra protegiendo a la narco-pol\u00edtica y menos a\u00fan respet\u00e1ndola. Ahora la abogac\u00eda va a ejercer su propia funci\u00f3n en defensa de M\u00e9xico, sin dependencias, y a\u00fan menos, del poder del narcotr\u00e1fico.<span class=\"Apple-converted-space\">\u00a0<\/span><\/span><\/p>\n<p>&nbsp;<\/p>\n<p class=\"p1\"><strong><span style=\"font-size: 18pt;\">Es cuanto.<span class=\"Apple-converted-space\">\u00a0<\/span><\/span><\/strong><\/p>\n<p>&nbsp;<\/p>\n<p>&nbsp;<\/p>\n<p class=\"p1\"><strong><span style=\"font-size: 18pt;\">Lic. Alberto Woolrich Ort\u00edz<\/span><\/strong><\/p>\n<p class=\"p1\"><strong><span style=\"font-size: 18pt;\">Presidente de la Academia de Derecho Penal<\/span><\/strong><\/p>\n<p class=\"p1\"><strong><span style=\"font-size: 18pt;\">del Colegio de Abogados de M\u00e9xico, A.C.<\/span><\/strong><\/p>\n<p>&nbsp;<\/p>\n<p>&nbsp;<\/p>\n<p>&nbsp;<\/p>\n<p>&nbsp;<\/p>\n<p>&nbsp;<\/p>\n","protected":false},"excerpt":{"rendered":"<p>&nbsp; Por Alberto Woolrich Ort\u00edz Todos los hombres\u00a0 que se precian de conocer las leyes de la Rep\u00fablica bien saben<\/p>\n","protected":false},"author":4,"featured_media":3845,"comment_status":"closed","ping_status":"closed","sticky":false,"template":"","format":"standard","meta":{"colormag_page_container_layout":"default_layout","colormag_page_sidebar_layout":"default_layout","_jetpack_memberships_contains_paid_content":false,"footnotes":"","jetpack_publicize_message":"","jetpack_publicize_feature_enabled":true,"jetpack_social_post_already_shared":true,"jetpack_social_options":{"image_generator_settings":{"template":"highway","default_image_id":0,"font":"","enabled":false},"version":2}},"categories":[26],"tags":[],"class_list":["post-5998","post","type-post","status-publish","format-standard","has-post-thumbnail","hentry","category-columnistas"],"jetpack_publicize_connections":[],"jetpack_featured_media_url":"https:\/\/i0.wp.com\/politicosaldesnudo.com.mx\/wp-content\/uploads\/2022\/04\/CABEZAL-ALBERTO-WOOD.png?fit=1816%2C1016&ssl=1","jetpack-related-posts":[],"jetpack_sharing_enabled":true,"_links":{"self":[{"href":"https:\/\/politicosaldesnudo.com.mx\/index.php\/wp-json\/wp\/v2\/posts\/5998","targetHints":{"allow":["GET"]}}],"collection":[{"href":"https:\/\/politicosaldesnudo.com.mx\/index.php\/wp-json\/wp\/v2\/posts"}],"about":[{"href":"https:\/\/politicosaldesnudo.com.mx\/index.php\/wp-json\/wp\/v2\/types\/post"}],"author":[{"embeddable":true,"href":"https:\/\/politicosaldesnudo.com.mx\/index.php\/wp-json\/wp\/v2\/users\/4"}],"replies":[{"embeddable":true,"href":"https:\/\/politicosaldesnudo.com.mx\/index.php\/wp-json\/wp\/v2\/comments?post=5998"}],"version-history":[{"count":0,"href":"https:\/\/politicosaldesnudo.com.mx\/index.php\/wp-json\/wp\/v2\/posts\/5998\/revisions"}],"wp:featuredmedia":[{"embeddable":true,"href":"https:\/\/politicosaldesnudo.com.mx\/index.php\/wp-json\/wp\/v2\/media\/3845"}],"wp:attachment":[{"href":"https:\/\/politicosaldesnudo.com.mx\/index.php\/wp-json\/wp\/v2\/media?parent=5998"}],"wp:term":[{"taxonomy":"category","embeddable":true,"href":"https:\/\/politicosaldesnudo.com.mx\/index.php\/wp-json\/wp\/v2\/categories?post=5998"},{"taxonomy":"post_tag","embeddable":true,"href":"https:\/\/politicosaldesnudo.com.mx\/index.php\/wp-json\/wp\/v2\/tags?post=5998"}],"curies":[{"name":"wp","href":"https:\/\/api.w.org\/{rel}","templated":true}]}}