{"id":60034,"date":"2025-04-01T00:14:28","date_gmt":"2025-04-01T06:14:28","guid":{"rendered":"https:\/\/politicosaldesnudo.com.mx\/?p=60034"},"modified":"2025-03-31T23:15:46","modified_gmt":"2025-04-01T05:15:46","slug":"filas-de-15-km-en-aduana-de-nl-genera-molestia-de-transportistas","status":"publish","type":"post","link":"https:\/\/politicosaldesnudo.com.mx\/index.php\/2025\/04\/01\/filas-de-15-km-en-aduana-de-nl-genera-molestia-de-transportistas\/","title":{"rendered":"Filas de 15 km en aduana de NL genera molestia de transportistas"},"content":{"rendered":"<p class=\"nota-justify\">Filas de m\u00e1s de 15 kil\u00f3metros rumbo al Puente III del Comercio Mundial vuelven a presentarse, generando molestias entre los operadores de transporte de carga y otros usuarios. Seg\u00fan testimonios de los traileros, el congestionamiento es provocado por las revisiones realizadas por la Guardia Nacional como parte del programa Operaci\u00f3n Frontera Norte. Esta situaci\u00f3n ha generado inconformidades no s\u00f3lo en el cruce de mercanc\u00edas, sino tambi\u00e9n en los cruces vehiculares particulares por los Puentes I y II.<\/p>\n<p class=\"nota-justify\">Los transportistas expresaron su frustraci\u00f3n a trav\u00e9s de redes sociales, se\u00f1alando que la Aduana de Nuevo\u00a0Laredo\u00a0ya ha intentado dialogar con la Secretar\u00eda de la Defensa Nacional (Defensa) para agilizar el paso. Sin embargo, la respuesta ha sido nula, ya que los elementos de la Guardia Nacional aseguran no depender directamente de la Aduana. \u201cLos operadores no nos oponemos a la revisi\u00f3n, pero pedimos mayor fluidez en el cruce, se lo piden los usuarios que diariamente trabajamos\u201d, expresaron los conductores.<\/p>\n<p class=\"nota-justify\">Desde el pasado mi\u00e9rcoles, los operadores comenzaron a reportar la lentitud en los cruces, lo que contrasta con los acuerdos establecidos hace un mes entre la Aduana y los transportistas para agilizar los tiempos de espera. Las filas interminables representan un problema adicional para los conductores, quienes enfrentan limitaciones para realizar sus necesidades fisiol\u00f3gicas o descansar durante las largas esperas.<\/p>\n<p class=\"nota-justify\">El conflicto tiene antecedentes recientes: el pasado 27 de febrero, los transportistas realizaron un paro de cruce de mercanc\u00edas que dur\u00f3 siete horas. Durante la manifestaci\u00f3n, el administrador de la Aduana de Nuevo\u00a0Laredo, Coronel Juan Edgardo Cedillo Gonz\u00e1lez, escuch\u00f3 las peticiones de los operadores y se acordaron medidas como la reubicaci\u00f3n del filtro de revisi\u00f3n de la Defensa, la apertura total de m\u00f3dulos de importaci\u00f3n y exportaci\u00f3n, y una mejor se\u00f1alizaci\u00f3n. No obstante, varios de estos acuerdos a\u00fan no se han cumplido.<\/p>\n<p class=\"nota-justify\">Los operadores del transporte de carga exigen respuestas concretas y mayor coordinaci\u00f3n entre las autoridades para evitar afectaciones econ\u00f3micas y operativas. Hasta el momento, ninguna de las dependencias implicadas ha emitido un comunicado oficial que responda a las inquietudes de los transportistas.<\/p>\n","protected":false},"excerpt":{"rendered":"<p>Filas de m\u00e1s de 15 kil\u00f3metros rumbo al Puente III del Comercio Mundial vuelven a presentarse, generando molestias entre los<\/p>\n","protected":false},"author":4,"featured_media":60035,"comment_status":"closed","ping_status":"closed","sticky":false,"template":"","format":"standard","meta":{"colormag_page_container_layout":"default_layout","colormag_page_sidebar_layout":"default_layout","_jetpack_memberships_contains_paid_content":false,"footnotes":"","jetpack_publicize_message":"","jetpack_publicize_feature_enabled":true,"jetpack_social_post_already_shared":false,"jetpack_social_options":{"image_generator_settings":{"template":"highway","default_image_id":0,"font":"","enabled":false},"version":2}},"categories":[30],"tags":[],"class_list":["post-60034","post","type-post","status-publish","format-standard","has-post-thumbnail","hentry","category-estados"],"jetpack_publicize_connections":[],"jetpack_featured_media_url":"https:\/\/i0.wp.com\/politicosaldesnudo.com.mx\/wp-content\/uploads\/2025\/03\/NL-1.jpg?fit=772%2C524&ssl=1","jetpack-related-posts":[],"jetpack_sharing_enabled":true,"_links":{"self":[{"href":"https:\/\/politicosaldesnudo.com.mx\/index.php\/wp-json\/wp\/v2\/posts\/60034","targetHints":{"allow":["GET"]}}],"collection":[{"href":"https:\/\/politicosaldesnudo.com.mx\/index.php\/wp-json\/wp\/v2\/posts"}],"about":[{"href":"https:\/\/politicosaldesnudo.com.mx\/index.php\/wp-json\/wp\/v2\/types\/post"}],"author":[{"embeddable":true,"href":"https:\/\/politicosaldesnudo.com.mx\/index.php\/wp-json\/wp\/v2\/users\/4"}],"replies":[{"embeddable":true,"href":"https:\/\/politicosaldesnudo.com.mx\/index.php\/wp-json\/wp\/v2\/comments?post=60034"}],"version-history":[{"count":0,"href":"https:\/\/politicosaldesnudo.com.mx\/index.php\/wp-json\/wp\/v2\/posts\/60034\/revisions"}],"wp:featuredmedia":[{"embeddable":true,"href":"https:\/\/politicosaldesnudo.com.mx\/index.php\/wp-json\/wp\/v2\/media\/60035"}],"wp:attachment":[{"href":"https:\/\/politicosaldesnudo.com.mx\/index.php\/wp-json\/wp\/v2\/media?parent=60034"}],"wp:term":[{"taxonomy":"category","embeddable":true,"href":"https:\/\/politicosaldesnudo.com.mx\/index.php\/wp-json\/wp\/v2\/categories?post=60034"},{"taxonomy":"post_tag","embeddable":true,"href":"https:\/\/politicosaldesnudo.com.mx\/index.php\/wp-json\/wp\/v2\/tags?post=60034"}],"curies":[{"name":"wp","href":"https:\/\/api.w.org\/{rel}","templated":true}]}}