{"id":60106,"date":"2025-04-02T00:14:55","date_gmt":"2025-04-02T06:14:55","guid":{"rendered":"https:\/\/politicosaldesnudo.com.mx\/?p=60106"},"modified":"2025-04-01T23:22:03","modified_gmt":"2025-04-02T05:22:03","slug":"karla-planter-asume-rectoria-de-la-udeg","status":"publish","type":"post","link":"https:\/\/politicosaldesnudo.com.mx\/index.php\/2025\/04\/02\/karla-planter-asume-rectoria-de-la-udeg\/","title":{"rendered":"Karla Planter asume rector\u00eda de la UdeG"},"content":{"rendered":"<p class=\"nota-justify\">La llegada de la rectora Karla Planter, quien tom\u00f3 posesi\u00f3n este martes como la primera mujer en ocupar ese cargo en la historia de la Universidad de Guadalajara, abri\u00f3 oficialmente las puertas a lo que el gobernador Pablo Lemus llam\u00f3 una nueva era en las relaciones entre ambas entidades, luego de los \u201ctiempos dif\u00edciles\u201d que tensaron la relaci\u00f3n durante los recientes a\u00f1os.<\/p>\n<p class=\"nota-justify\">Pr\u00e1cticamente todo el sexenio pasado encabezado por Enrique Alfaro, del partido Movimiento Ciudadano -al igual que Lemus-, el entonces gobernador tuvo una abierta confrontaci\u00f3n con la UdeG y sus directivos, en especial contra el ex rector Ra\u00fal Padilla -quien muri\u00f3 en 2023-, lo que provoc\u00f3 que los universitarios realizaran m\u00e1s de 100 marchas en reclamo de respeto a su autonom\u00eda.<\/p>\n<p class=\"nota-justify\">\u201cHoy inicia una nueva era, una nueva relaci\u00f3n entre el gobierno de Jalisco y la UdeG. Va a ser una nueva relaci\u00f3n de respeto, trabajo, resultados conjuntos. Rectora Karla Planter, ser\u00e1 un honor hacer equipo contigo\u201d, cerr\u00f3 su discurso Lemus, luego de se\u00f1alar que tambi\u00e9n estaba convencido que esta relaci\u00f3n honrar\u00e1 \u201cel legado de un gran ser humano, amigo y comprometido con Jalisco y con M\u00e9xico que fue el licenciado Ra\u00fal Padilla L\u00f3pez\u201d.<\/p>\n<p class=\"nota-justify\">A su vez, en su discurso y con el auditorio Telmex de la UdeG repleto, la rectora entrante destac\u00f3 entre sus primeras acciones la construcci\u00f3n de una red de hospitales civiles en las regiones de Jalisco y se comprometi\u00f3 con la presidenta Claudia Sheinbaum a contribuir en su prop\u00f3sito de generar 300 mil nuevos espacios en educaci\u00f3n superior en el pa\u00eds.<\/p>\n<p class=\"nota-justify\">\u201cVamos a trabajar en convertir a la UdeG en una universidad m\u00e1s igualitaria e incluyente, que respete y acepte la diversidad. Mi objetivo es que al terminar mi rectorado tengamos una estructura paritaria en el consejo de rector\u00edas y en el Sistema de Educaci\u00f3n Medida Superior\u201d, dijo.<\/p>\n<p>\u201cAl fin las mujeres ocupamos los espacios que por derecho natural y legal nos corresponden. Hoy es legislado, aceptado y promovido lo que para el sentido com\u00fan siempre ha sido obvio: que somos tan capaces, o tan incapaces como cualquier ser humano, y que en funci\u00f3n de ello es leg\u00edtimo y deseable nuestro acceso a posiciones laborales y de preeminencia p\u00fablica\u201d, agreg\u00f3.<\/p>\n","protected":false},"excerpt":{"rendered":"<p>La llegada de la rectora Karla Planter, quien tom\u00f3 posesi\u00f3n este martes como la primera mujer en ocupar ese cargo<\/p>\n","protected":false},"author":4,"featured_media":60107,"comment_status":"closed","ping_status":"closed","sticky":false,"template":"","format":"standard","meta":{"colormag_page_container_layout":"default_layout","colormag_page_sidebar_layout":"default_layout","_jetpack_memberships_contains_paid_content":false,"footnotes":"","jetpack_publicize_message":"","jetpack_publicize_feature_enabled":true,"jetpack_social_post_already_shared":false,"jetpack_social_options":{"image_generator_settings":{"template":"highway","default_image_id":0,"font":"","enabled":false},"version":2}},"categories":[30],"tags":[],"class_list":["post-60106","post","type-post","status-publish","format-standard","has-post-thumbnail","hentry","category-estados"],"jetpack_publicize_connections":[],"jetpack_featured_media_url":"https:\/\/i0.wp.com\/politicosaldesnudo.com.mx\/wp-content\/uploads\/2025\/04\/UDG.jpg?fit=732%2C451&ssl=1","jetpack-related-posts":[],"jetpack_sharing_enabled":true,"_links":{"self":[{"href":"https:\/\/politicosaldesnudo.com.mx\/index.php\/wp-json\/wp\/v2\/posts\/60106","targetHints":{"allow":["GET"]}}],"collection":[{"href":"https:\/\/politicosaldesnudo.com.mx\/index.php\/wp-json\/wp\/v2\/posts"}],"about":[{"href":"https:\/\/politicosaldesnudo.com.mx\/index.php\/wp-json\/wp\/v2\/types\/post"}],"author":[{"embeddable":true,"href":"https:\/\/politicosaldesnudo.com.mx\/index.php\/wp-json\/wp\/v2\/users\/4"}],"replies":[{"embeddable":true,"href":"https:\/\/politicosaldesnudo.com.mx\/index.php\/wp-json\/wp\/v2\/comments?post=60106"}],"version-history":[{"count":0,"href":"https:\/\/politicosaldesnudo.com.mx\/index.php\/wp-json\/wp\/v2\/posts\/60106\/revisions"}],"wp:featuredmedia":[{"embeddable":true,"href":"https:\/\/politicosaldesnudo.com.mx\/index.php\/wp-json\/wp\/v2\/media\/60107"}],"wp:attachment":[{"href":"https:\/\/politicosaldesnudo.com.mx\/index.php\/wp-json\/wp\/v2\/media?parent=60106"}],"wp:term":[{"taxonomy":"category","embeddable":true,"href":"https:\/\/politicosaldesnudo.com.mx\/index.php\/wp-json\/wp\/v2\/categories?post=60106"},{"taxonomy":"post_tag","embeddable":true,"href":"https:\/\/politicosaldesnudo.com.mx\/index.php\/wp-json\/wp\/v2\/tags?post=60106"}],"curies":[{"name":"wp","href":"https:\/\/api.w.org\/{rel}","templated":true}]}}