{"id":60112,"date":"2025-04-02T00:16:50","date_gmt":"2025-04-02T06:16:50","guid":{"rendered":"https:\/\/politicosaldesnudo.com.mx\/?p=60112"},"modified":"2025-04-01T23:27:01","modified_gmt":"2025-04-02T05:27:01","slug":"aprueba-congreso-de-bc-programa-de-apoyo-a-mujeres-tarjeta-violeta","status":"publish","type":"post","link":"https:\/\/politicosaldesnudo.com.mx\/index.php\/2025\/04\/02\/aprueba-congreso-de-bc-programa-de-apoyo-a-mujeres-tarjeta-violeta\/","title":{"rendered":"Aprueba Congreso de BC programa de apoyo a mujeres Tarjeta Violeta"},"content":{"rendered":"<p class=\"nota-justify\">El Congreso de Baja California reform\u00f3 la Constituci\u00f3n Pol\u00edtica del Estado para garantizar el derecho a un apoyo econ\u00f3mico bimestral a madres aut\u00f3nomas jefas de familia en situaci\u00f3n de vulnerabilidad en la entidad.<\/p>\n<p class=\"nota-justify\">Las iniciativas las presentaron por separado el 8 y 10 de marzo la gobernadora Marina del Pilar \u00c1vila Olmeda y la diputada Michel S\u00e1nchez Allende de Morena.<\/p>\n<p class=\"nota-justify\">Se trata del programa social de la administraci\u00f3n estatal Tarjeta Violeta, consistente en un apoyo econ\u00f3mico bimestral para contribuir a los ingresos de mujeres jefas de familia de entre 18 a 64 a\u00f1os que viven en situaci\u00f3n de vulnerabilidad econ\u00f3mica, cuyas reglas de operaci\u00f3n las dise\u00f1ar\u00e1 la Secretar\u00eda del Bienestar del Estado.<\/p>\n<p class=\"nota-justify\">La gobernadora Marina del Pilar Avila Olmeda advirti\u00f3 que se busca equilibrar la desigualdad de oportunidades que viven mujeres jefas de familia y, por ende, pretende consolidar una pol\u00edtica p\u00fablica de bienestar que les permita realizar su desarrollo personal y participaci\u00f3n activa en la vida social y pol\u00edtica.<\/p>\n<p class=\"nota-justify\">La diputada Michel S\u00e1nchez destac\u00f3 la congruencia e importancia del programa con la Agenda 2030 para el Desarrollo Sostenible y los Objetivos de Desarrollo Sostenible, en el sentido de lograr la igualdad de g\u00e9nero, por lo cual indic\u00f3 que es necesario convertirlo en un derecho en la Constituci\u00f3n local, que permanezca en el tiempo y previniendo que puedan eliminarlo gobiernos futuros.<\/p>\n<p class=\"nota-justify\">La Comisi\u00f3n de Gobernaci\u00f3n, Legislaci\u00f3n y Puntos Constitucionales consider\u00f3 pertinente el contenido de las iniciativas e integrarlas al art\u00edculo 8 de la Constituci\u00f3n Pol\u00edtica del Estado Libre y Soberano de Baja California: \u201cSi son mujeres jefas de familia en situaci\u00f3n de vulnerabilidad econ\u00f3mica, recibir un apoyo econ\u00f3mico peri\u00f3dico de acuerdo al presupuesto aprobado\u00bb.<\/p>\n","protected":false},"excerpt":{"rendered":"<p>El Congreso de Baja California reform\u00f3 la Constituci\u00f3n Pol\u00edtica del Estado para garantizar el derecho a un apoyo econ\u00f3mico bimestral<\/p>\n","protected":false},"author":4,"featured_media":60113,"comment_status":"closed","ping_status":"closed","sticky":false,"template":"","format":"standard","meta":{"colormag_page_container_layout":"default_layout","colormag_page_sidebar_layout":"default_layout","_jetpack_memberships_contains_paid_content":false,"footnotes":"","jetpack_publicize_message":"","jetpack_publicize_feature_enabled":true,"jetpack_social_post_already_shared":false,"jetpack_social_options":{"image_generator_settings":{"template":"highway","default_image_id":0,"font":"","enabled":false},"version":2}},"categories":[30],"tags":[],"class_list":["post-60112","post","type-post","status-publish","format-standard","has-post-thumbnail","hentry","category-estados"],"jetpack_publicize_connections":[],"jetpack_featured_media_url":"https:\/\/i0.wp.com\/politicosaldesnudo.com.mx\/wp-content\/uploads\/2025\/04\/TV.jpg?fit=679%2C475&ssl=1","jetpack-related-posts":[],"jetpack_sharing_enabled":true,"_links":{"self":[{"href":"https:\/\/politicosaldesnudo.com.mx\/index.php\/wp-json\/wp\/v2\/posts\/60112","targetHints":{"allow":["GET"]}}],"collection":[{"href":"https:\/\/politicosaldesnudo.com.mx\/index.php\/wp-json\/wp\/v2\/posts"}],"about":[{"href":"https:\/\/politicosaldesnudo.com.mx\/index.php\/wp-json\/wp\/v2\/types\/post"}],"author":[{"embeddable":true,"href":"https:\/\/politicosaldesnudo.com.mx\/index.php\/wp-json\/wp\/v2\/users\/4"}],"replies":[{"embeddable":true,"href":"https:\/\/politicosaldesnudo.com.mx\/index.php\/wp-json\/wp\/v2\/comments?post=60112"}],"version-history":[{"count":0,"href":"https:\/\/politicosaldesnudo.com.mx\/index.php\/wp-json\/wp\/v2\/posts\/60112\/revisions"}],"wp:featuredmedia":[{"embeddable":true,"href":"https:\/\/politicosaldesnudo.com.mx\/index.php\/wp-json\/wp\/v2\/media\/60113"}],"wp:attachment":[{"href":"https:\/\/politicosaldesnudo.com.mx\/index.php\/wp-json\/wp\/v2\/media?parent=60112"}],"wp:term":[{"taxonomy":"category","embeddable":true,"href":"https:\/\/politicosaldesnudo.com.mx\/index.php\/wp-json\/wp\/v2\/categories?post=60112"},{"taxonomy":"post_tag","embeddable":true,"href":"https:\/\/politicosaldesnudo.com.mx\/index.php\/wp-json\/wp\/v2\/tags?post=60112"}],"curies":[{"name":"wp","href":"https:\/\/api.w.org\/{rel}","templated":true}]}}