{"id":60155,"date":"2025-04-03T00:02:14","date_gmt":"2025-04-03T06:02:14","guid":{"rendered":"https:\/\/politicosaldesnudo.com.mx\/?p=60155"},"modified":"2025-04-02T21:21:03","modified_gmt":"2025-04-03T03:21:03","slug":"gobernadora-prioriza-la-cobertura-total-de-docentes","status":"publish","type":"post","link":"https:\/\/politicosaldesnudo.com.mx\/index.php\/2025\/04\/03\/gobernadora-prioriza-la-cobertura-total-de-docentes\/","title":{"rendered":"Gobernadora prioriza la cobertura total de docentes"},"content":{"rendered":"<p>En el marco de la tercera Reuni\u00f3n de Evaluaci\u00f3n para la mejora educativa en la zona norte, la gobernadora Roc\u00edo Nahle Garc\u00eda entabl\u00f3 un di\u00e1logo abierto y directo con supervisores y directores de Educaci\u00f3n B\u00e1sica para garantizar que la ni\u00f1ez no se quede sin clases.<\/p>\n<p>Desde la primaria Jes\u00fas Reyes Heroles, se\u00f1al\u00f3. \u201cquiero que todos los ni\u00f1os y ni\u00f1as est\u00e9n en el sal\u00f3n de clases. Tenemos que encontrar el m\u00e9todo para que todos, hasta en la comunidad m\u00e1s alejada, tengan un maestro\u201d.<\/p>\n<p>La Mandataria reconoci\u00f3 la labor de los docentes y supervisores, quienes desempe\u00f1an un papel fundamental en la consolidaci\u00f3n de una educaci\u00f3n de calidad, por ello, reiter\u00f3 su compromiso de seguir brindando apoyo y herramientas que faciliten su labor en el aula.<\/p>\n<p>Acompa\u00f1ada por la secretaria de Educaci\u00f3n, Claudia Tello Espinosa, y como parte de los esfuerzos para elevar la calidad formativa, destac\u00f3 la optimizaci\u00f3n de planes de estudio, el acceso a programas de formaci\u00f3n docente y la modernizaci\u00f3n de herramientas pedag\u00f3gicas.<\/p>\n<p>Resalt\u00f3 que su administraci\u00f3n est\u00e1 redirigiendo recursos para mejorar la infraestructura educativa mediante la rehabilitaci\u00f3n y construcci\u00f3n de espacios escolares, asegurando entornos dignos y seguros para el desarrollo acad\u00e9mico de los estudiantes.<\/p>\n<p>Roc\u00edo Nahle subray\u00f3 la importancia de realizar evaluaciones peri\u00f3dicas para medir avances y ajustar estrategias que fortalezcan la educaci\u00f3n en la entidad. Asimismo, enfatiz\u00f3 que estas reuniones de evaluaci\u00f3n son clave para consolidar pol\u00edticas p\u00fablicas efectivas en beneficio del sector educativo.<\/p>\n<p>Finalmente, reiter\u00f3 el compromiso de la presidenta Claudia Sheinbaum Pardo con el sector educativo, destacando el retiro de la reforma a la Ley del ISSSTE, la implementaci\u00f3n de descuentos y la congelaci\u00f3n de los cr\u00e9ditos impagables del Fovissste, la reactivaci\u00f3n de la construcci\u00f3n de viviendas por parte de este organismo, la suspensi\u00f3n del incremento en la edad de jubilaci\u00f3n y la organizaci\u00f3n de foros para dise\u00f1ar un nuevo modelo de ingreso, promoci\u00f3n y reconocimiento magisterial.<\/p>\n","protected":false},"excerpt":{"rendered":"<p>En el marco de la tercera Reuni\u00f3n de Evaluaci\u00f3n para la mejora educativa en la zona norte, la gobernadora Roc\u00edo<\/p>\n","protected":false},"author":4,"featured_media":60156,"comment_status":"closed","ping_status":"closed","sticky":false,"template":"","format":"standard","meta":{"colormag_page_container_layout":"default_layout","colormag_page_sidebar_layout":"default_layout","_jetpack_memberships_contains_paid_content":false,"footnotes":"","jetpack_publicize_message":"","jetpack_publicize_feature_enabled":true,"jetpack_social_post_already_shared":false,"jetpack_social_options":{"image_generator_settings":{"template":"highway","default_image_id":0,"font":"","enabled":false},"version":2}},"categories":[1082],"tags":[],"class_list":["post-60155","post","type-post","status-publish","format-standard","has-post-thumbnail","hentry","category-tuxpan"],"jetpack_publicize_connections":[],"jetpack_featured_media_url":"https:\/\/i0.wp.com\/politicosaldesnudo.com.mx\/wp-content\/uploads\/2025\/04\/4a-scaled.jpg?fit=2560%2C1707&ssl=1","jetpack-related-posts":[],"jetpack_sharing_enabled":true,"_links":{"self":[{"href":"https:\/\/politicosaldesnudo.com.mx\/index.php\/wp-json\/wp\/v2\/posts\/60155","targetHints":{"allow":["GET"]}}],"collection":[{"href":"https:\/\/politicosaldesnudo.com.mx\/index.php\/wp-json\/wp\/v2\/posts"}],"about":[{"href":"https:\/\/politicosaldesnudo.com.mx\/index.php\/wp-json\/wp\/v2\/types\/post"}],"author":[{"embeddable":true,"href":"https:\/\/politicosaldesnudo.com.mx\/index.php\/wp-json\/wp\/v2\/users\/4"}],"replies":[{"embeddable":true,"href":"https:\/\/politicosaldesnudo.com.mx\/index.php\/wp-json\/wp\/v2\/comments?post=60155"}],"version-history":[{"count":0,"href":"https:\/\/politicosaldesnudo.com.mx\/index.php\/wp-json\/wp\/v2\/posts\/60155\/revisions"}],"wp:featuredmedia":[{"embeddable":true,"href":"https:\/\/politicosaldesnudo.com.mx\/index.php\/wp-json\/wp\/v2\/media\/60156"}],"wp:attachment":[{"href":"https:\/\/politicosaldesnudo.com.mx\/index.php\/wp-json\/wp\/v2\/media?parent=60155"}],"wp:term":[{"taxonomy":"category","embeddable":true,"href":"https:\/\/politicosaldesnudo.com.mx\/index.php\/wp-json\/wp\/v2\/categories?post=60155"},{"taxonomy":"post_tag","embeddable":true,"href":"https:\/\/politicosaldesnudo.com.mx\/index.php\/wp-json\/wp\/v2\/tags?post=60155"}],"curies":[{"name":"wp","href":"https:\/\/api.w.org\/{rel}","templated":true}]}}