{"id":60164,"date":"2025-04-03T00:05:07","date_gmt":"2025-04-03T06:05:07","guid":{"rendered":"https:\/\/politicosaldesnudo.com.mx\/?p=60164"},"modified":"2025-04-02T21:48:18","modified_gmt":"2025-04-03T03:48:18","slug":"positivo-plan-de-semarnat-para-zonas-afectadas-por-tren-maya-greenpeace","status":"publish","type":"post","link":"https:\/\/politicosaldesnudo.com.mx\/index.php\/2025\/04\/03\/positivo-plan-de-semarnat-para-zonas-afectadas-por-tren-maya-greenpeace\/","title":{"rendered":"Positivo, plan de Semarnat para zonas afectadas por Tren Maya: GreenPeace"},"content":{"rendered":"<p class=\"nota-justify\">Al calificar como positivo el plan de remediaci\u00f3n integral de la Secretar\u00eda de Medio Ambiente y Recursos Naturales (Semarnat) para las zonas afectadas por la construcci\u00f3n del Tren Maya, en la Pen\u00ednsula de Yucat\u00e1n, GreenPeace pidi\u00f3 a las autoridades involucrar de manera activa en este proceso a la ciudadan\u00eda, comunidades locales y especialistas para garantizar soluciones efectivas y sostenibles.<\/p>\n<p class=\"nota-justify\">La organizaci\u00f3n indic\u00f3 en un comunicado que el plan de protecci\u00f3n de la Semarnat para el sistema de cenotes y cavernas en Quintana Roo debe contemplar un alto al uso intensivo de agrot\u00f3xicos en monocultivos industriales en Campeche, as\u00ed como los desechos generados por las cientos de mega granjas porc\u00edcolas en Yucat\u00e1n.<\/p>\n<p class=\"nota-justify\">Apunt\u00f3 que la eliminaci\u00f3n de mallas en las v\u00edas y la mejora de los pasos de fauna son un avance, pero persisten dudas sobre las medidas para garantizar la reproducci\u00f3n y supervivencia de especies amenazadas, como el jaguar. Especialistas han reiterado la necesidad de trabajar en la instauraci\u00f3n de corredores biol\u00f3gicos, agreg\u00f3.<\/p>\n<p class=\"nota-justify\">Se\u00f1al\u00f3 que la expansi\u00f3n descontrolada de la industria modifica \u00abirreversiblemente\u00bb el territorio, por lo que afecta no solo la calidad del agua, sino tambi\u00e9n la biodiversidad y los derechos de las comunidades locales.<\/p>\n<p class=\"nota-justify\">Sobre la reforestaci\u00f3n en la zona cuestion\u00f3 el tipo de \u00e1rboles que se utilizar\u00e1n, los procesos de plantaci\u00f3n, la cantidad de \u00e1rboles a sembrar al considerar que con el tren maya se derribaron 10 millones o d\u00f3nde ser\u00e1n los puntos para trabajar.<\/p>\n","protected":false},"excerpt":{"rendered":"<p>Al calificar como positivo el plan de remediaci\u00f3n integral de la Secretar\u00eda de Medio Ambiente y Recursos Naturales (Semarnat) para<\/p>\n","protected":false},"author":4,"featured_media":60165,"comment_status":"closed","ping_status":"closed","sticky":false,"template":"","format":"standard","meta":{"colormag_page_container_layout":"default_layout","colormag_page_sidebar_layout":"default_layout","_jetpack_memberships_contains_paid_content":false,"footnotes":"","jetpack_publicize_message":"","jetpack_publicize_feature_enabled":true,"jetpack_social_post_already_shared":false,"jetpack_social_options":{"image_generator_settings":{"template":"highway","default_image_id":0,"font":"","enabled":false},"version":2}},"categories":[33],"tags":[],"class_list":["post-60164","post","type-post","status-publish","format-standard","has-post-thumbnail","hentry","category-nacional"],"jetpack_publicize_connections":[],"jetpack_featured_media_url":"https:\/\/i0.wp.com\/politicosaldesnudo.com.mx\/wp-content\/uploads\/2025\/04\/TM.jpg?fit=755%2C479&ssl=1","jetpack-related-posts":[],"jetpack_sharing_enabled":true,"_links":{"self":[{"href":"https:\/\/politicosaldesnudo.com.mx\/index.php\/wp-json\/wp\/v2\/posts\/60164","targetHints":{"allow":["GET"]}}],"collection":[{"href":"https:\/\/politicosaldesnudo.com.mx\/index.php\/wp-json\/wp\/v2\/posts"}],"about":[{"href":"https:\/\/politicosaldesnudo.com.mx\/index.php\/wp-json\/wp\/v2\/types\/post"}],"author":[{"embeddable":true,"href":"https:\/\/politicosaldesnudo.com.mx\/index.php\/wp-json\/wp\/v2\/users\/4"}],"replies":[{"embeddable":true,"href":"https:\/\/politicosaldesnudo.com.mx\/index.php\/wp-json\/wp\/v2\/comments?post=60164"}],"version-history":[{"count":0,"href":"https:\/\/politicosaldesnudo.com.mx\/index.php\/wp-json\/wp\/v2\/posts\/60164\/revisions"}],"wp:featuredmedia":[{"embeddable":true,"href":"https:\/\/politicosaldesnudo.com.mx\/index.php\/wp-json\/wp\/v2\/media\/60165"}],"wp:attachment":[{"href":"https:\/\/politicosaldesnudo.com.mx\/index.php\/wp-json\/wp\/v2\/media?parent=60164"}],"wp:term":[{"taxonomy":"category","embeddable":true,"href":"https:\/\/politicosaldesnudo.com.mx\/index.php\/wp-json\/wp\/v2\/categories?post=60164"},{"taxonomy":"post_tag","embeddable":true,"href":"https:\/\/politicosaldesnudo.com.mx\/index.php\/wp-json\/wp\/v2\/tags?post=60164"}],"curies":[{"name":"wp","href":"https:\/\/api.w.org\/{rel}","templated":true}]}}