{"id":60212,"date":"2025-04-03T21:47:23","date_gmt":"2025-04-04T03:47:23","guid":{"rendered":"https:\/\/politicosaldesnudo.com.mx\/?p=60212"},"modified":"2025-04-03T21:47:23","modified_gmt":"2025-04-04T03:47:23","slug":"tuxpan-ya-tiene-director-de-pueblos-indigenas-el-alcalde-dr-jesus-fomperoza-tomo-protesta-a-ramiro-garcia-anastasio","status":"publish","type":"post","link":"https:\/\/politicosaldesnudo.com.mx\/index.php\/2025\/04\/03\/tuxpan-ya-tiene-director-de-pueblos-indigenas-el-alcalde-dr-jesus-fomperoza-tomo-protesta-a-ramiro-garcia-anastasio\/","title":{"rendered":"\u00a1Tuxpan ya tiene director de Pueblos Ind\u00edgenas! El alcalde Dr. Jes\u00fas Fomperoza tom\u00f3 protesta a Ramiro Garc\u00eda Anastasio"},"content":{"rendered":"<p>\u2022 Agentes y subagentes municipales de 56 comunidades atestiguaron este hist\u00f3rico acontecimiento.<\/p>\n<p>Tuxpan, Ver., 3 de abril de 2025.- El presidente municipal Dr. Jes\u00fas Fomperoza Torres tom\u00f3 la protesta de ley al C. Ramiro Garc\u00eda Anastasio, como director de Pueblos Ind\u00edgenas, quien ahora asume el compromiso de representar y atender a las 56 comunidades incluidas en el Cat\u00e1logo Nacional de Pueblos y Comunidades Ind\u00edgenas del INPI.<\/p>\n<p><img data-recalc-dims=\"1\" loading=\"lazy\" decoding=\"async\" class=\"aligncenter size-large wp-image-60213\" src=\"https:\/\/i0.wp.com\/politicosaldesnudo.com.mx\/wp-content\/uploads\/2025\/04\/WhatsApp-Image-2025-04-03-at-14.18.51-1-1024x681.jpeg?resize=800%2C532&#038;ssl=1\" alt=\"\" width=\"800\" height=\"532\" srcset=\"https:\/\/i0.wp.com\/politicosaldesnudo.com.mx\/wp-content\/uploads\/2025\/04\/WhatsApp-Image-2025-04-03-at-14.18.51-1.jpeg?resize=1024%2C681&amp;ssl=1 1024w, https:\/\/i0.wp.com\/politicosaldesnudo.com.mx\/wp-content\/uploads\/2025\/04\/WhatsApp-Image-2025-04-03-at-14.18.51-1.jpeg?resize=300%2C200&amp;ssl=1 300w, https:\/\/i0.wp.com\/politicosaldesnudo.com.mx\/wp-content\/uploads\/2025\/04\/WhatsApp-Image-2025-04-03-at-14.18.51-1.jpeg?resize=768%2C511&amp;ssl=1 768w, https:\/\/i0.wp.com\/politicosaldesnudo.com.mx\/wp-content\/uploads\/2025\/04\/WhatsApp-Image-2025-04-03-at-14.18.51-1.jpeg?resize=1536%2C1021&amp;ssl=1 1536w, https:\/\/i0.wp.com\/politicosaldesnudo.com.mx\/wp-content\/uploads\/2025\/04\/WhatsApp-Image-2025-04-03-at-14.18.51-1.jpeg?w=1600&amp;ssl=1 1600w\" sizes=\"auto, (max-width: 800px) 100vw, 800px\" \/> <img data-recalc-dims=\"1\" loading=\"lazy\" decoding=\"async\" class=\"aligncenter size-large wp-image-60214\" src=\"https:\/\/i0.wp.com\/politicosaldesnudo.com.mx\/wp-content\/uploads\/2025\/04\/WhatsApp-Image-2025-04-03-at-14.18.51-2-1024x681.jpeg?resize=800%2C532&#038;ssl=1\" alt=\"\" width=\"800\" height=\"532\" srcset=\"https:\/\/i0.wp.com\/politicosaldesnudo.com.mx\/wp-content\/uploads\/2025\/04\/WhatsApp-Image-2025-04-03-at-14.18.51-2.jpeg?resize=1024%2C681&amp;ssl=1 1024w, https:\/\/i0.wp.com\/politicosaldesnudo.com.mx\/wp-content\/uploads\/2025\/04\/WhatsApp-Image-2025-04-03-at-14.18.51-2.jpeg?resize=300%2C200&amp;ssl=1 300w, https:\/\/i0.wp.com\/politicosaldesnudo.com.mx\/wp-content\/uploads\/2025\/04\/WhatsApp-Image-2025-04-03-at-14.18.51-2.jpeg?resize=768%2C511&amp;ssl=1 768w, https:\/\/i0.wp.com\/politicosaldesnudo.com.mx\/wp-content\/uploads\/2025\/04\/WhatsApp-Image-2025-04-03-at-14.18.51-2.jpeg?resize=1536%2C1021&amp;ssl=1 1536w, https:\/\/i0.wp.com\/politicosaldesnudo.com.mx\/wp-content\/uploads\/2025\/04\/WhatsApp-Image-2025-04-03-at-14.18.51-2.jpeg?w=1600&amp;ssl=1 1600w\" sizes=\"auto, (max-width: 800px) 100vw, 800px\" \/><\/p>\n<p>El alcalde estuvo acompa\u00f1ado por el antrop\u00f3logo Luis de Luna Vicente, director del INPI Zona Norte; la s\u00edndica Lic. Lidia de Jes\u00fas Santiago Hern\u00e1ndez; el Lic. Eduardo Andrade Rocha, director de Asuntos Jur\u00eddicos del H. Ayuntamiento; el Lic. Jes\u00fas Carballo Serrano, director de Desarrollo Social y el C. Edmundo Crist\u00f3bal Cruz, director de Desarrollo Agropecuario, y agentes y subagentes municipales de las comunidades.<\/p>\n<p><img data-recalc-dims=\"1\" loading=\"lazy\" decoding=\"async\" class=\"aligncenter size-large wp-image-60215\" src=\"https:\/\/i0.wp.com\/politicosaldesnudo.com.mx\/wp-content\/uploads\/2025\/04\/WhatsApp-Image-2025-04-03-at-14.18.51-1024x681.jpeg?resize=800%2C532&#038;ssl=1\" alt=\"\" width=\"800\" height=\"532\" srcset=\"https:\/\/i0.wp.com\/politicosaldesnudo.com.mx\/wp-content\/uploads\/2025\/04\/WhatsApp-Image-2025-04-03-at-14.18.51.jpeg?resize=1024%2C681&amp;ssl=1 1024w, https:\/\/i0.wp.com\/politicosaldesnudo.com.mx\/wp-content\/uploads\/2025\/04\/WhatsApp-Image-2025-04-03-at-14.18.51.jpeg?resize=300%2C200&amp;ssl=1 300w, https:\/\/i0.wp.com\/politicosaldesnudo.com.mx\/wp-content\/uploads\/2025\/04\/WhatsApp-Image-2025-04-03-at-14.18.51.jpeg?resize=768%2C511&amp;ssl=1 768w, https:\/\/i0.wp.com\/politicosaldesnudo.com.mx\/wp-content\/uploads\/2025\/04\/WhatsApp-Image-2025-04-03-at-14.18.51.jpeg?resize=1536%2C1022&amp;ssl=1 1536w, https:\/\/i0.wp.com\/politicosaldesnudo.com.mx\/wp-content\/uploads\/2025\/04\/WhatsApp-Image-2025-04-03-at-14.18.51.jpeg?resize=2048%2C1362&amp;ssl=1 2048w, https:\/\/i0.wp.com\/politicosaldesnudo.com.mx\/wp-content\/uploads\/2025\/04\/WhatsApp-Image-2025-04-03-at-14.18.51.jpeg?w=1600&amp;ssl=1 1600w, https:\/\/i0.wp.com\/politicosaldesnudo.com.mx\/wp-content\/uploads\/2025\/04\/WhatsApp-Image-2025-04-03-at-14.18.51.jpeg?w=2400&amp;ssl=1 2400w\" sizes=\"auto, (max-width: 800px) 100vw, 800px\" \/> <img data-recalc-dims=\"1\" loading=\"lazy\" decoding=\"async\" class=\"aligncenter size-large wp-image-60216\" src=\"https:\/\/i0.wp.com\/politicosaldesnudo.com.mx\/wp-content\/uploads\/2025\/04\/WhatsApp-Image-2025-04-03-at-14.18.52-1-1024x640.jpeg?resize=800%2C500&#038;ssl=1\" alt=\"\" width=\"800\" height=\"500\" srcset=\"https:\/\/i0.wp.com\/politicosaldesnudo.com.mx\/wp-content\/uploads\/2025\/04\/WhatsApp-Image-2025-04-03-at-14.18.52-1.jpeg?resize=1024%2C640&amp;ssl=1 1024w, https:\/\/i0.wp.com\/politicosaldesnudo.com.mx\/wp-content\/uploads\/2025\/04\/WhatsApp-Image-2025-04-03-at-14.18.52-1.jpeg?resize=300%2C188&amp;ssl=1 300w, https:\/\/i0.wp.com\/politicosaldesnudo.com.mx\/wp-content\/uploads\/2025\/04\/WhatsApp-Image-2025-04-03-at-14.18.52-1.jpeg?resize=768%2C480&amp;ssl=1 768w, https:\/\/i0.wp.com\/politicosaldesnudo.com.mx\/wp-content\/uploads\/2025\/04\/WhatsApp-Image-2025-04-03-at-14.18.52-1.jpeg?resize=1536%2C960&amp;ssl=1 1536w, https:\/\/i0.wp.com\/politicosaldesnudo.com.mx\/wp-content\/uploads\/2025\/04\/WhatsApp-Image-2025-04-03-at-14.18.52-1.jpeg?w=1600&amp;ssl=1 1600w\" sizes=\"auto, (max-width: 800px) 100vw, 800px\" \/><\/p>\n<p>\u201cDesde que nombraron de manera democr\u00e1tica como su representante de pueblos ind\u00edgenas a Ramiro hemos estado trabajando de la mano con \u00e9l, y as\u00ed lo seguiremos haciendo en beneficio de todos ustedes\u201d.<\/p>\n<p>Record\u00f3 que son 56 comunidades las que ya cuentan con sus RFC, que les permitir\u00e1n obtener recursos federales. \u201cEsperamos que pronto todas las comunidades huastecas, nahuas, otom\u00edes y totonacas del municipio cuenten con \u00e9l\u201d, dijo el Dr. Fomperoza.<\/p>\n<p><img data-recalc-dims=\"1\" loading=\"lazy\" decoding=\"async\" class=\"aligncenter size-large wp-image-60217\" src=\"https:\/\/i0.wp.com\/politicosaldesnudo.com.mx\/wp-content\/uploads\/2025\/04\/WhatsApp-Image-2025-04-03-at-14.18.52-2-1024x783.jpeg?resize=800%2C612&#038;ssl=1\" alt=\"\" width=\"800\" height=\"612\" srcset=\"https:\/\/i0.wp.com\/politicosaldesnudo.com.mx\/wp-content\/uploads\/2025\/04\/WhatsApp-Image-2025-04-03-at-14.18.52-2.jpeg?resize=1024%2C783&amp;ssl=1 1024w, https:\/\/i0.wp.com\/politicosaldesnudo.com.mx\/wp-content\/uploads\/2025\/04\/WhatsApp-Image-2025-04-03-at-14.18.52-2.jpeg?resize=300%2C230&amp;ssl=1 300w, https:\/\/i0.wp.com\/politicosaldesnudo.com.mx\/wp-content\/uploads\/2025\/04\/WhatsApp-Image-2025-04-03-at-14.18.52-2.jpeg?resize=768%2C588&amp;ssl=1 768w, https:\/\/i0.wp.com\/politicosaldesnudo.com.mx\/wp-content\/uploads\/2025\/04\/WhatsApp-Image-2025-04-03-at-14.18.52-2.jpeg?resize=1536%2C1175&amp;ssl=1 1536w, https:\/\/i0.wp.com\/politicosaldesnudo.com.mx\/wp-content\/uploads\/2025\/04\/WhatsApp-Image-2025-04-03-at-14.18.52-2.jpeg?w=1600&amp;ssl=1 1600w\" sizes=\"auto, (max-width: 800px) 100vw, 800px\" \/> <img data-recalc-dims=\"1\" loading=\"lazy\" decoding=\"async\" class=\"aligncenter size-large wp-image-60218\" src=\"https:\/\/i0.wp.com\/politicosaldesnudo.com.mx\/wp-content\/uploads\/2025\/04\/WhatsApp-Image-2025-04-03-at-14.18.52-3-1024x681.jpeg?resize=800%2C532&#038;ssl=1\" alt=\"\" width=\"800\" height=\"532\" srcset=\"https:\/\/i0.wp.com\/politicosaldesnudo.com.mx\/wp-content\/uploads\/2025\/04\/WhatsApp-Image-2025-04-03-at-14.18.52-3.jpeg?resize=1024%2C681&amp;ssl=1 1024w, https:\/\/i0.wp.com\/politicosaldesnudo.com.mx\/wp-content\/uploads\/2025\/04\/WhatsApp-Image-2025-04-03-at-14.18.52-3.jpeg?resize=300%2C200&amp;ssl=1 300w, https:\/\/i0.wp.com\/politicosaldesnudo.com.mx\/wp-content\/uploads\/2025\/04\/WhatsApp-Image-2025-04-03-at-14.18.52-3.jpeg?resize=768%2C511&amp;ssl=1 768w, https:\/\/i0.wp.com\/politicosaldesnudo.com.mx\/wp-content\/uploads\/2025\/04\/WhatsApp-Image-2025-04-03-at-14.18.52-3.jpeg?resize=1536%2C1021&amp;ssl=1 1536w, https:\/\/i0.wp.com\/politicosaldesnudo.com.mx\/wp-content\/uploads\/2025\/04\/WhatsApp-Image-2025-04-03-at-14.18.52-3.jpeg?w=1600&amp;ssl=1 1600w\" sizes=\"auto, (max-width: 800px) 100vw, 800px\" \/><\/p>\n<p>Al hacer uso de la voz, el nuevo director record\u00f3 cuando iniciaron este proyecto en compa\u00f1\u00eda de Rigo y 12 comunidades, con la tutela del Antrop\u00f3logo Luis Luna Vicente y su personal.<\/p>\n<p>Agradeci\u00f3 a todas las comunidades que creyeron en el proyecto y por los a\u00f1os de lucha.<\/p>\n<p>Tambi\u00e9n dio las gracias al alcalde Dr. Jes\u00fas Fomperoza, porque ha tenido una buena atenci\u00f3n y van a tener una Direcci\u00f3n: \u201cLe agradezco mucho porque desde el momento que yo le gestion\u00e9 las cosas, \u00e9l no se ha negado\u201d.<\/p>\n<p><img data-recalc-dims=\"1\" loading=\"lazy\" decoding=\"async\" class=\"aligncenter size-large wp-image-60220\" src=\"https:\/\/i0.wp.com\/politicosaldesnudo.com.mx\/wp-content\/uploads\/2025\/04\/WhatsApp-Image-2025-04-03-at-14.18.53-1024x576.jpeg?resize=800%2C450&#038;ssl=1\" alt=\"\" width=\"800\" height=\"450\" srcset=\"https:\/\/i0.wp.com\/politicosaldesnudo.com.mx\/wp-content\/uploads\/2025\/04\/WhatsApp-Image-2025-04-03-at-14.18.53.jpeg?resize=1024%2C576&amp;ssl=1 1024w, https:\/\/i0.wp.com\/politicosaldesnudo.com.mx\/wp-content\/uploads\/2025\/04\/WhatsApp-Image-2025-04-03-at-14.18.53.jpeg?resize=300%2C169&amp;ssl=1 300w, https:\/\/i0.wp.com\/politicosaldesnudo.com.mx\/wp-content\/uploads\/2025\/04\/WhatsApp-Image-2025-04-03-at-14.18.53.jpeg?resize=768%2C432&amp;ssl=1 768w, https:\/\/i0.wp.com\/politicosaldesnudo.com.mx\/wp-content\/uploads\/2025\/04\/WhatsApp-Image-2025-04-03-at-14.18.53.jpeg?resize=1536%2C864&amp;ssl=1 1536w, https:\/\/i0.wp.com\/politicosaldesnudo.com.mx\/wp-content\/uploads\/2025\/04\/WhatsApp-Image-2025-04-03-at-14.18.53.jpeg?w=1600&amp;ssl=1 1600w\" sizes=\"auto, (max-width: 800px) 100vw, 800px\" \/><\/p>\n<p>El presidente municipal y los representantes de las 56 comunidades consideradas en el Cat\u00e1logo de Pueblos Ind\u00edgenas acudieron a la presidencia municipal para conocer las nuevas oficinas de la Direcci\u00f3n de Pueblos Ind\u00edgenas.<\/p>\n<p>Cabe destacar que, por instrucciones del presidente municipal, la Direcci\u00f3n de Pueblos Ind\u00edgenas ser\u00e1 rotulada en lengua T\u00e9nek, Nahua, Otom\u00ed y Totonaca.<\/p>\n","protected":false},"excerpt":{"rendered":"<p>\u2022 Agentes y subagentes municipales de 56 comunidades atestiguaron este hist\u00f3rico acontecimiento. Tuxpan, Ver., 3 de abril de 2025.- El<\/p>\n","protected":false},"author":4,"featured_media":60219,"comment_status":"closed","ping_status":"closed","sticky":false,"template":"","format":"standard","meta":{"colormag_page_container_layout":"default_layout","colormag_page_sidebar_layout":"default_layout","_jetpack_memberships_contains_paid_content":false,"footnotes":"","jetpack_publicize_message":"","jetpack_publicize_feature_enabled":true,"jetpack_social_post_already_shared":false,"jetpack_social_options":{"image_generator_settings":{"template":"highway","default_image_id":0,"font":"","enabled":false},"version":2}},"categories":[3205,1082],"tags":[],"class_list":["post-60212","post","type-post","status-publish","format-standard","has-post-thumbnail","hentry","category-gobierno-tuxpan","category-tuxpan"],"jetpack_publicize_connections":[],"jetpack_featured_media_url":"https:\/\/i0.wp.com\/politicosaldesnudo.com.mx\/wp-content\/uploads\/2025\/04\/WhatsApp-Image-2025-04-03-at-14.18.52.jpeg?fit=1600%2C1064&ssl=1","jetpack-related-posts":[],"jetpack_sharing_enabled":true,"_links":{"self":[{"href":"https:\/\/politicosaldesnudo.com.mx\/index.php\/wp-json\/wp\/v2\/posts\/60212","targetHints":{"allow":["GET"]}}],"collection":[{"href":"https:\/\/politicosaldesnudo.com.mx\/index.php\/wp-json\/wp\/v2\/posts"}],"about":[{"href":"https:\/\/politicosaldesnudo.com.mx\/index.php\/wp-json\/wp\/v2\/types\/post"}],"author":[{"embeddable":true,"href":"https:\/\/politicosaldesnudo.com.mx\/index.php\/wp-json\/wp\/v2\/users\/4"}],"replies":[{"embeddable":true,"href":"https:\/\/politicosaldesnudo.com.mx\/index.php\/wp-json\/wp\/v2\/comments?post=60212"}],"version-history":[{"count":0,"href":"https:\/\/politicosaldesnudo.com.mx\/index.php\/wp-json\/wp\/v2\/posts\/60212\/revisions"}],"wp:featuredmedia":[{"embeddable":true,"href":"https:\/\/politicosaldesnudo.com.mx\/index.php\/wp-json\/wp\/v2\/media\/60219"}],"wp:attachment":[{"href":"https:\/\/politicosaldesnudo.com.mx\/index.php\/wp-json\/wp\/v2\/media?parent=60212"}],"wp:term":[{"taxonomy":"category","embeddable":true,"href":"https:\/\/politicosaldesnudo.com.mx\/index.php\/wp-json\/wp\/v2\/categories?post=60212"},{"taxonomy":"post_tag","embeddable":true,"href":"https:\/\/politicosaldesnudo.com.mx\/index.php\/wp-json\/wp\/v2\/tags?post=60212"}],"curies":[{"name":"wp","href":"https:\/\/api.w.org\/{rel}","templated":true}]}}