{"id":60290,"date":"2025-04-03T23:12:57","date_gmt":"2025-04-04T05:12:57","guid":{"rendered":"https:\/\/politicosaldesnudo.com.mx\/?p=60290"},"modified":"2025-04-03T23:12:57","modified_gmt":"2025-04-04T05:12:57","slug":"el-matraquero-de-los-yunes","status":"publish","type":"post","link":"https:\/\/politicosaldesnudo.com.mx\/index.php\/2025\/04\/03\/el-matraquero-de-los-yunes\/","title":{"rendered":"El \u201cmatraquero\u201d de los Yunes"},"content":{"rendered":"<p><em>\u201cNo es vergonzoso cambiar de opini\u00f3n: es vergonzoso <\/em><\/p>\n<p><em>cambiar de opini\u00f3n por inter\u00e9s.\u201d \u2013 V\u00edctor Hugo.<\/em><\/p>\n<p><strong>\u00a0<\/strong><\/p>\n<p><strong>Una nota informativa del portal Los Editores.com firmada por la reportera Ana Lilia Vel\u00e1zquez retrata la nueva realidad del senador veracruzano Manuel Huerta Ladr\u00f3n de Guevara. <a href=\"https:\/\/loseditores.com\/resumen\/100370\/-yunes-marquez-seguira-siendo-morenista-sin-ser-morenista-manuel-huerta-\">https:\/\/loseditores.com\/resumen\/100370\/-yunes-marquez-seguira-siendo-morenista-sin-ser-morenista-manuel-huerta-<\/a><\/strong><\/p>\n<p><strong>Para sorpresa de la sociedad veracruzana, pero especialmente de la militancia del Partido Movimiento de Regeneraci\u00f3n Nacional (MORENA), Huerta Ladr\u00f3n de Guevara quien cuenta con una carrera de m\u00e1s de 40 a\u00f1os en la lucha pol\u00edtica de izquierda, decidi\u00f3 convertirse en el vocero del \u201cClan Yunistas\u201d de Boca del R\u00edo, al afirmar que \u201cMiguel \u00c1ngel Yunes M\u00e1rquez, forma parte de la bancada de MORENA, a pesar de que retir\u00f3 su petici\u00f3n de adhesi\u00f3n a ese partido pol\u00edtico.\u201d<\/strong><\/p>\n<p><strong>El hoy \u201cmatraquero\u201d oficioso apunt\u00f3: \u201c\u00c9l est\u00e1 integrado, porque ya hubo una votaci\u00f3n en la fracci\u00f3n y nadie lo objet\u00f3. Nadie lo objet\u00f3\u201d.<\/strong><\/p>\n<p><strong>En su nota informativa la reportera apunta a los dichos del propio senador morenista: \u201cla bancada puede tener miembros externos.\u201d \u201cCreo que el error que cometi\u00f3 es quererse afiliar al partido y habiendo planteado en palabra un litigio en el PAN, adelant\u00f3 su afiliaci\u00f3n\u201d, evidenciando con ello, que su funci\u00f3n oficiosa es ahora la de un vocero, que explica lo que quiso decir el aludido senador neopanista transmutado de cuatroteista.<\/strong><\/p>\n<p><strong>Su declaraci\u00f3n sorprende a cuantos nos enteramos de su dicho, porque entend\u00edamos que Huerta Ladr\u00f3n de Guevara asumi\u00f3 esa actitud reaccionaria de siempre estar criticando a su partido y a los gobiernos emanados de su movimiento en el af\u00e1n de convertirse en un personaje autocr\u00edtico, -algo que no es incorrecto-, pero que a veces demuestra un sinsentido a los mismos principios transformadores del movimiento fundado por Andr\u00e9s Manuel L\u00f3pez Obrador.<\/strong><\/p>\n<p><strong>De igual manera, quienes observamos y analizamos la vida pol\u00edtica veracruzana, pretend\u00edamos justificar que su comportamiento obedeci\u00f3 a ese intento por granjearse m\u00e1s militantes a su favor, en el af\u00e1n de seguir guardando armas para su propia lucha por llegar a convertirse en candidato a Gobernador en el 2030, pero su actuar choca con las aspiraciones naturales de quien ahora defiende, pues queda claro que si algo pretenden los integrantes del referido Clan es volver alcanzar el poder mediante la figura del hoy tambi\u00e9n senador Miguel \u00c1ngel Yunes M\u00e1rquez.<\/strong><\/p>\n<p><strong>Y ah\u00ed es donde la puerca tuerce el rabo, porque no parece comprensible a los ojos de cualquier estratega, militante de Morena o de cualquier ciudadano de a pie, aliarte con tu rival pol\u00edtico m\u00e1s ac\u00e9rrimo, en el m\u00e1s simple af\u00e1n de desacreditar al actual Gobierno Estatal.<\/strong><\/p>\n<p><strong>La afrenta que Huerta Ladr\u00f3n de Guevara realiza a la actual Gobernadora Roc\u00edo Nahle Garc\u00eda en su af\u00e1n por pretender llamar la atenci\u00f3n o simplemente presionar para que se le den o reconozcan posiciones de orden pol\u00edtico, lo aleja cada vez m\u00e1s de su propio futuro.<\/strong><\/p>\n<p><strong>El juego perverso que teje desde el altiplano el tabasque\u00f1o Ad\u00e1n Augusto L\u00f3pez Hern\u00e1ndez en su af\u00e1n por convertirse en el pr\u00f3ximo candidato a la presidencia de M\u00e9xico y llevar al heredero del Clan como su alfil para Veracruz, evidencia, que el ex secretario de Gobernaci\u00f3n simplemente emplea a su conveniencia a los actores pol\u00edticos veracruzanos, que con una simple talladita de espalda se sienten ya cobijados y protegidos por \u00e9l, pues basta ver el papel en el que ya puso al mismo presidente de la Mesa Directiva, Sergio Guti\u00e9rrez Luna \u2013acusado de proteger a un pederasta Cuauht\u00e9moc Blanco- a quien placeo en el pasado proceso electoral, levant\u00e1ndole la mano, y ahora lo cambia por un no militante de Morena en la persona del propio Miguel \u00c1ngel Yunes M\u00e1rquez.<\/strong><\/p>\n<p><strong>Lo mismo le pasa y sucede a Huerta Ladr\u00f3n de Guevara quien en su empecinamiento por ser tomado en cuenta, ha llegado a la bajeza de defender oficiosamente a su contrincante ideol\u00f3gico, quien transmuto de pensamiento por conveniencia \u2013no ir a la c\u00e1rcel- con tal de mantener canonj\u00edas y privilegios, a expensas de haber dejado en el camino colgados a todos cuantos les han servido.<\/strong><\/p>\n<p><strong>Queda claro que Manuel Huerta tir\u00f3 al cesto de la basura una carrera pol\u00edtica de lucha a lo largo de m\u00e1s de 40 a\u00f1os en la izquierda mexicana, por convertirse en el \u201cmatraquero\u201d oficioso de quienes lo tildaron incluso con el sobrenombre de \u201clord fentanilo\u201d.<\/strong><\/p>\n<p><strong>\u00a1Este si es un caso para Ripley! Pero en Veracruz \u00a1Cosas vemos, veracruzanos conocemos y cada d\u00eda nos sorprendemos!<\/strong><\/p>\n<p><strong>\u00a0<\/strong><\/p>\n<p><strong>Al tiempo.<\/strong><\/p>\n<p><img data-recalc-dims=\"1\" loading=\"lazy\" decoding=\"async\" class=\"aligncenter size-full wp-image-60128\" src=\"https:\/\/i0.wp.com\/politicosaldesnudo.com.mx\/wp-content\/uploads\/2025\/04\/FIRMA-EDITORIAL-PD.jpg?resize=800%2C98&#038;ssl=1\" alt=\"\" width=\"800\" height=\"98\" srcset=\"https:\/\/i0.wp.com\/politicosaldesnudo.com.mx\/wp-content\/uploads\/2025\/04\/FIRMA-EDITORIAL-PD.jpg?w=1024&amp;ssl=1 1024w, https:\/\/i0.wp.com\/politicosaldesnudo.com.mx\/wp-content\/uploads\/2025\/04\/FIRMA-EDITORIAL-PD.jpg?resize=300%2C37&amp;ssl=1 300w, https:\/\/i0.wp.com\/politicosaldesnudo.com.mx\/wp-content\/uploads\/2025\/04\/FIRMA-EDITORIAL-PD.jpg?resize=768%2C94&amp;ssl=1 768w\" sizes=\"auto, (max-width: 800px) 100vw, 800px\" \/><\/p>\n","protected":false},"excerpt":{"rendered":"<p>\u201cNo es vergonzoso cambiar de opini\u00f3n: es vergonzoso cambiar de opini\u00f3n por inter\u00e9s.\u201d \u2013 V\u00edctor Hugo. \u00a0 Una nota informativa<\/p>\n","protected":false},"author":4,"featured_media":36965,"comment_status":"closed","ping_status":"closed","sticky":false,"template":"","format":"standard","meta":{"colormag_page_container_layout":"default_layout","colormag_page_sidebar_layout":"default_layout","_jetpack_memberships_contains_paid_content":false,"footnotes":"","jetpack_publicize_message":"","jetpack_publicize_feature_enabled":true,"jetpack_social_post_already_shared":false,"jetpack_social_options":{"image_generator_settings":{"template":"highway","default_image_id":0,"font":"","enabled":false},"version":2}},"categories":[26],"tags":[],"class_list":["post-60290","post","type-post","status-publish","format-standard","has-post-thumbnail","hentry","category-columnistas"],"jetpack_publicize_connections":[],"jetpack_featured_media_url":"https:\/\/i0.wp.com\/politicosaldesnudo.com.mx\/wp-content\/uploads\/2024\/05\/LUIS-RAMIREZ-BAQUEIRO.jpg?fit=800%2C445&ssl=1","jetpack-related-posts":[],"jetpack_sharing_enabled":true,"_links":{"self":[{"href":"https:\/\/politicosaldesnudo.com.mx\/index.php\/wp-json\/wp\/v2\/posts\/60290","targetHints":{"allow":["GET"]}}],"collection":[{"href":"https:\/\/politicosaldesnudo.com.mx\/index.php\/wp-json\/wp\/v2\/posts"}],"about":[{"href":"https:\/\/politicosaldesnudo.com.mx\/index.php\/wp-json\/wp\/v2\/types\/post"}],"author":[{"embeddable":true,"href":"https:\/\/politicosaldesnudo.com.mx\/index.php\/wp-json\/wp\/v2\/users\/4"}],"replies":[{"embeddable":true,"href":"https:\/\/politicosaldesnudo.com.mx\/index.php\/wp-json\/wp\/v2\/comments?post=60290"}],"version-history":[{"count":0,"href":"https:\/\/politicosaldesnudo.com.mx\/index.php\/wp-json\/wp\/v2\/posts\/60290\/revisions"}],"wp:featuredmedia":[{"embeddable":true,"href":"https:\/\/politicosaldesnudo.com.mx\/index.php\/wp-json\/wp\/v2\/media\/36965"}],"wp:attachment":[{"href":"https:\/\/politicosaldesnudo.com.mx\/index.php\/wp-json\/wp\/v2\/media?parent=60290"}],"wp:term":[{"taxonomy":"category","embeddable":true,"href":"https:\/\/politicosaldesnudo.com.mx\/index.php\/wp-json\/wp\/v2\/categories?post=60290"},{"taxonomy":"post_tag","embeddable":true,"href":"https:\/\/politicosaldesnudo.com.mx\/index.php\/wp-json\/wp\/v2\/tags?post=60290"}],"curies":[{"name":"wp","href":"https:\/\/api.w.org\/{rel}","templated":true}]}}